{"id":1065,"date":"2007-09-30T10:10:39","date_gmt":"2007-09-30T08:10:39","guid":{"rendered":"http:\/\/bilder.ngn.nu\/?p=1065"},"modified":"2013-11-03T14:27:19","modified_gmt":"2013-11-03T12:27:19","slug":"objektivjamforelse-070930","status":"publish","type":"post","link":"http:\/\/bilder.ngn.nu\/index.php\/2007\/09\/30\/objektivjamforelse-070930\/","title":{"rendered":"Objektivj\u00e4mf\u00f6relse 070930"},"content":{"rendered":"<p>Jag har upplevt att det blir s\u00e4mre kvalitet p\u00e5 makrobilder tagna med objektivet SAL-1870\/3,5-5,6, j\u00e4mf\u00f6rt med objektivet SAL-75300\/4,5-5,6.<br \/>\nNu har jag gjort en hyfsat r\u00e4ttvis j\u00e4mf\u00f6relse.<br \/>\nVid j\u00e4mf\u00f6relsen har jag anv\u00e4nt stativ och fj\u00e4rrutl\u00f6sare samt blixt. Jag satte ocks\u00e5 ISO till 100 f\u00f6r b\u00e4gge objektiven. Detta f\u00f6r att f\u00e5 s\u00e5 lite brus som m\u00f6jligt.<br \/>\nF\u00f6r objektivet SAL-1870\/3,5-5,6 placerade jag kameran p\u00e5 ett avst\u00e5nd av 38cm och f\u00f6r SAL-75300\/4,5-5,6 p\u00e5 ett avst\u00e5nd av 150 cm. Objektivens respektive n\u00e4ravst\u00e5nd.<br \/>\nJag s\u00e5g ocks\u00e5 till att samma slutartid (1\/125) och samma bl\u00e4ndartal (F5,6) anv\u00e4ndes. Jag f\u00f6rs\u00f6kte ocks\u00e5 s\u00e5 gott det gick att f\u00e5 samma kameravinkel.<\/p>\n<p>Bild 1a\/1b \u00e4r taget med SAL-75300 och bild 2a\/2b med SAL-1870.<\/p>\n<p>En tydlig f\u00e4rgskillnad syns (1b \u00e4r n\u00e5got &#8221;r\u00f6dare&#8221; \u00e4n 1a) och den beror p\u00e5 att avst\u00e5nden skiljer och blixtens verkan blir d\u00e5 annorlunda (tror jag).<\/p>\n<p><strong>Bild 1a<\/strong><br \/>\nMer oskarp \u00e4n 2a.<br \/>\n<img loading=\"lazy\" title=\"Bild 1a \u00a9NGN-foto\" alt=\"Bild 1a \u00a9NGN-foto\" src=\"http:\/\/ngn.nu\/Bilder3\/070930_Dsc07246_a_w550_h368.jpg\" width=\"550\" height=\"368\" \/><br \/>\n<em>Klockan: 08:25 Stativ. Fj\u00e4rrutl\u00f6sare. Blixt. Br\u00e4nnvidd: 300[450] ISO: 100 Slutare: 1\/125 Bl\u00e4ndare: F5,6<\/em><br \/>\n<em>Kamera: SONY DSLR-A100 Objektiv: 75-300\/4,5-5,6 [35mm: 112,5-450]<\/em><\/p>\n<p><strong>Bild 2a<\/strong><br \/>\nMer brus och kontrast \u00e4n 1a.<br \/>\n<img loading=\"lazy\" title=\"Bild 2a \u00a9NGN-foto\" alt=\"Bild 2a \u00a9NGN-foto\" src=\"http:\/\/ngn.nu\/Bilder3\/070930_Dsc07247_a_w550_h368.jpg\" width=\"550\" height=\"368\" \/><br \/>\n<em>Klockan: 08:28 Stativ. Fj\u00e4rrutl\u00f6sare. Blixt. Br\u00e4nnvidd: 70[105] ISO: 100 Slutare: 1\/125 Bl\u00e4ndare: F5,6<\/em><br \/>\n<em>Kamera: SONY DSLR-A100 Objektiv: 18-70\/3,5-5,6 [35mm: 27-105]<\/em><\/p>\n<p><strong>Bild 1b<\/strong><br \/>\nH\u00e4r har jag beskurit och f\u00f6rstorat upp f\u00f6r att b\u00e4ttre visa skillnaderna. J\u00e4mf\u00f6rt med bild 2b.<br \/>\n<img loading=\"lazy\" title=\"Bild 1b \u00a9NGN-foto\" alt=\"Bild 1b \u00a9NGN-foto\" src=\"http:\/\/ngn.nu\/Bilder3\/070930_Dsc07246_b_w550_h368.jpg\" width=\"550\" height=\"335\" \/><br \/>\n<em>Klockan: 08:25 Stativ. Fj\u00e4rrutl\u00f6sare. Blixt. Br\u00e4nnvidd: 300[450] ISO: 100 Slutare: 1\/125 Bl\u00e4ndare: F5,6<\/em><br \/>\n<em>Kamera: SONY DSLR-A100 Objektiv: 75-300\/4,5-5,6 [35mm: 112,5-450]<\/em><\/p>\n<p><strong>Bild 2b<\/strong><br \/>\nH\u00e4r har jag beskurit och f\u00f6rstorat upp f\u00f6r att b\u00e4ttre visa skillnaderna. J\u00e4mf\u00f6rt med bild 1b.<br \/>\n<img loading=\"lazy\" title=\"Bild 2b \u00a9NGN-foto\" alt=\"Bild 2b \u00a9NGN-foto\" src=\"http:\/\/ngn.nu\/Bilder3\/070930_Dsc07247_b_w550_h368.jpg\" width=\"550\" height=\"342\" \/><br \/>\n<em>Klockan: 08:28 Stativ. Fj\u00e4rrutl\u00f6sare. Blixt. Br\u00e4nnvidd: 70[105] ISO: 100 Slutare: 1\/125 Bl\u00e4ndare: F5,6<\/em><br \/>\n<em>Kamera: SONY DSLR-A100 Objektiv: 18-70\/3,5-5,6 [35mm: 27-105]<\/em><\/p>\n<p>Slutsats: Det korta objektivet ger mer brus men n\u00e5got b\u00e4ttre kontrast. \u00c4ven om det l\u00e5nga objektivet ger n\u00e5got s\u00e4mre sk\u00e4rpa och mindre kontrast s\u00e5 \u00e4r det mindre bruset avg\u00f6rande f\u00f6r mitt val n\u00e4r det g\u00e4ller att v\u00e4lja objektiv f\u00f6r makrofotografi. B\u00e4gge objektiven visar ocks\u00e5 samma sk\u00e4rpedjup vid valda br\u00e4nnvidder. S\u00e5 h\u00e4danefter tar jag makrobilder med SAL-75300\/4,5-5,6.<\/p>\n<p>Till v\u00e5ren lutar det \u00e5t att investera i ett &#8221;riktigt&#8221; makroobjektiv (SAL100M28 eller motsvarande).<\/p>\n","protected":false},"excerpt":{"rendered":"<p>Jag har upplevt att det blir s\u00e4mre kvalitet p\u00e5 makrobilder tagna med objektivet SAL-1870\/3,5-5,6, j\u00e4mf\u00f6rt med objektivet SAL-75300\/4,5-5,6. Nu har jag gjort en hyfsat r\u00e4ttvis j\u00e4mf\u00f6relse. Vid j\u00e4mf\u00f6relsen har jag anv\u00e4nt stativ och fj\u00e4rrutl\u00f6sare samt blixt. Jag satte ocks\u00e5 ISO till 100 f\u00f6r b\u00e4gge objektiven. Detta f\u00f6r att f\u00e5 s\u00e5 lite brus som m\u00f6jligt. F\u00f6r [&hellip;]<\/p>\n","protected":false},"author":1,"featured_media":0,"comment_status":"open","ping_status":"closed","sticky":false,"template":"","format":"standard","meta":[],"categories":[728],"tags":[],"_links":{"self":[{"href":"http:\/\/bilder.ngn.nu\/index.php\/wp-json\/wp\/v2\/posts\/1065"}],"collection":[{"href":"http:\/\/bilder.ngn.nu\/index.php\/wp-json\/wp\/v2\/posts"}],"about":[{"href":"http:\/\/bilder.ngn.nu\/index.php\/wp-json\/wp\/v2\/types\/post"}],"author":[{"embeddable":true,"href":"http:\/\/bilder.ngn.nu\/index.php\/wp-json\/wp\/v2\/users\/1"}],"replies":[{"embeddable":true,"href":"http:\/\/bilder.ngn.nu\/index.php\/wp-json\/wp\/v2\/comments?post=1065"}],"version-history":[{"count":1,"href":"http:\/\/bilder.ngn.nu\/index.php\/wp-json\/wp\/v2\/posts\/1065\/revisions"}],"predecessor-version":[{"id":1066,"href":"http:\/\/bilder.ngn.nu\/index.php\/wp-json\/wp\/v2\/posts\/1065\/revisions\/1066"}],"wp:attachment":[{"href":"http:\/\/bilder.ngn.nu\/index.php\/wp-json\/wp\/v2\/media?parent=1065"}],"wp:term":[{"taxonomy":"category","embeddable":true,"href":"http:\/\/bilder.ngn.nu\/index.php\/wp-json\/wp\/v2\/categories?post=1065"},{"taxonomy":"post_tag","embeddable":true,"href":"http:\/\/bilder.ngn.nu\/index.php\/wp-json\/wp\/v2\/tags?post=1065"}],"curies":[{"name":"wp","href":"https:\/\/api.w.org\/{rel}","templated":true}]}}