{"id":151,"date":"2008-06-25T13:25:11","date_gmt":"2008-06-25T11:25:11","guid":{"rendered":"http:\/\/bilder.ngn.nu\/?p=151"},"modified":"2009-06-08T20:36:20","modified_gmt":"2009-06-08T18:36:20","slug":"snigel-4","status":"publish","type":"post","link":"http:\/\/bilder.ngn.nu\/index.php\/2008\/06\/25\/snigel-4\/","title":{"rendered":"Snigel"},"content":{"rendered":"<div id=\"ngn_bild_rubrik\" style=\"font-weight: bold;\">Spansk Skogssnigel &#8221;m\u00f6rdarsnigel&#8221; (<span style=\"font-style: italic;\">Arion lusitanicus<\/span>)<\/div>\n<div id=\"ngn_bild_text\">\n<p>Efter att jag g\u00e5tt utmed grusv\u00e4gen, d\u00e4r jag fotograferade N\u00e4sselfj\u00e4rilen p\u00e5 f\u00f6reg\u00e5ende bild, gick jag  tillbaka och upp till den plats d\u00e4r jag lagt ut en pl\u00e5t (f\u00f6r att fr\u00e4mst locka till sig Hasselsnok.) D\u00e4r under var det tomt om vi inte r\u00e4knar ett antal tusen svartmyror och lika m\u00e5nga \u00e4gg.<\/p>\n<p>Bredvid, i gr\u00e4set, h\u00f6ll en s.k. m\u00f6rdarsnigel p\u00e5 med lite akrobatiska \u00f6vningar. D\u00e5 passade jag p\u00e5 att testa nya makroobjektivet och tog ocks\u00e5 bilder med min digitala kompaktkamera, f\u00f6r att j\u00e4mf\u00f6ra. makroobjektivet vann.<\/p>\n<\/div>\n<table style=\"width: 800px;\" border=\"0\">\n<tbody>\n<tr>\n<td style=\"text-align: left;\"><img style=\"width: 800px; height: 599px;\" title=\"Spansk Skogssnigel \" src=\"http:\/\/ngn.nu\/Bilder3\/080625_DSC00383_Moerdarsnigel_w800.JPG\" alt=\"Spansk Skogssnigel \" \/><\/td>\n<\/tr>\n<tr>\n<td><small><span style=\"font-style: italic;\">080625 Klockan: 09:43 Br\u00e4nnvidd: 105.0 mm [157 mm] ISO: 100 Slutare: 1\/160 Bl\u00e4ndare: F3.5<br \/>\nKamera: SONY DSLR-A100 Objektiv: Sigma 105 [35mm: 157] makro<\/span><\/small><small><span style=\"font-style: italic;\"><br \/>\n<\/span><\/small><\/td>\n<\/tr>\n<tr>\n<td><\/td>\n<\/tr>\n<\/tbody>\n<\/table>\n","protected":false},"excerpt":{"rendered":"<p>Spansk Skogssnigel &#8221;m\u00f6rdarsnigel&#8221; (Arion lusitanicus) Efter att jag g\u00e5tt utmed grusv\u00e4gen, d\u00e4r jag fotograferade N\u00e4sselfj\u00e4rilen p\u00e5 f\u00f6reg\u00e5ende bild, gick jag tillbaka och upp till den plats d\u00e4r jag lagt ut en pl\u00e5t (f\u00f6r att fr\u00e4mst locka till sig Hasselsnok.) D\u00e4r under var det tomt om vi inte r\u00e4knar ett antal tusen svartmyror och lika m\u00e5nga [&hellip;]<\/p>\n","protected":false},"author":1,"featured_media":0,"comment_status":"open","ping_status":"open","sticky":false,"template":"","format":"standard","meta":[],"categories":[196],"tags":[69],"_links":{"self":[{"href":"http:\/\/bilder.ngn.nu\/index.php\/wp-json\/wp\/v2\/posts\/151"}],"collection":[{"href":"http:\/\/bilder.ngn.nu\/index.php\/wp-json\/wp\/v2\/posts"}],"about":[{"href":"http:\/\/bilder.ngn.nu\/index.php\/wp-json\/wp\/v2\/types\/post"}],"author":[{"embeddable":true,"href":"http:\/\/bilder.ngn.nu\/index.php\/wp-json\/wp\/v2\/users\/1"}],"replies":[{"embeddable":true,"href":"http:\/\/bilder.ngn.nu\/index.php\/wp-json\/wp\/v2\/comments?post=151"}],"version-history":[{"count":0,"href":"http:\/\/bilder.ngn.nu\/index.php\/wp-json\/wp\/v2\/posts\/151\/revisions"}],"wp:attachment":[{"href":"http:\/\/bilder.ngn.nu\/index.php\/wp-json\/wp\/v2\/media?parent=151"}],"wp:term":[{"taxonomy":"category","embeddable":true,"href":"http:\/\/bilder.ngn.nu\/index.php\/wp-json\/wp\/v2\/categories?post=151"},{"taxonomy":"post_tag","embeddable":true,"href":"http:\/\/bilder.ngn.nu\/index.php\/wp-json\/wp\/v2\/tags?post=151"}],"curies":[{"name":"wp","href":"https:\/\/api.w.org\/{rel}","templated":true}]}}