{"id":152,"date":"2008-06-25T13:40:54","date_gmt":"2008-06-25T11:40:54","guid":{"rendered":"http:\/\/bilder.ngn.nu\/?p=152"},"modified":"2009-06-08T20:34:57","modified_gmt":"2009-06-08T18:34:57","slug":"fjaril-10","status":"publish","type":"post","link":"http:\/\/bilder.ngn.nu\/index.php\/2008\/06\/25\/fjaril-10\/","title":{"rendered":"Fj\u00e4ril"},"content":{"rendered":"<div id=\"ngn_bild_rubrik\" style=\"font-weight: bold;\">N\u00e4sselfj\u00e4ril (<span style=\"font-style: italic;\">Aglais urticae<\/span>)<\/div>\n<div id=\"ngn_bild_text\">Jag kan snart kalla alla mina bilder p\u00e5 N\u00e4sselfj\u00e4ril f\u00f6r: &#8221;Variation p\u00e5 ett tema.&#8221;<\/div>\n<table style=\"width: 800px;\" border=\"0\">\n<tbody>\n<tr>\n<td style=\"text-align: left;\"><img style=\"width: 800px; height: 572px;\" title=\"N\u00e4sselfj\u00e4ril (Aglais urticae)\" src=\"http:\/\/ngn.nu\/Bilder3\/080625_DSC00373_Naesselfjaeril_w800.JPG\" alt=\"N\u00e4sselfj\u00e4ril (Aglais urticae)\" \/><\/td>\n<\/tr>\n<tr>\n<td><small><span style=\"font-style: italic;\">080625 Klockan: 09:30 Br\u00e4nnvidd: 300.0 mm [450 mm] ISO: 250 Slutare: 1\/500 Bl\u00e4ndare: F5.6<br \/>\nKamera: SONY DSLR-A100 Objektiv: 75-300 [35mm: 112,5-450]<\/span><\/small><small><span style=\"font-style: italic;\"><br \/>\n<\/span><\/small><\/td>\n<\/tr>\n<tr>\n<td><\/td>\n<\/tr>\n<\/tbody>\n<\/table>\n","protected":false},"excerpt":{"rendered":"<p>N\u00e4sselfj\u00e4ril (Aglais urticae) Jag kan snart kalla alla mina bilder p\u00e5 N\u00e4sselfj\u00e4ril f\u00f6r: &#8221;Variation p\u00e5 ett tema.&#8221; 080625 Klockan: 09:30 Br\u00e4nnvidd: 300.0 mm [450 mm] ISO: 250 Slutare: 1\/500 Bl\u00e4ndare: F5.6 Kamera: SONY DSLR-A100 Objektiv: 75-300 [35mm: 112,5-450]<\/p>\n","protected":false},"author":1,"featured_media":0,"comment_status":"open","ping_status":"open","sticky":false,"template":"","format":"standard","meta":[],"categories":[119],"tags":[69],"_links":{"self":[{"href":"http:\/\/bilder.ngn.nu\/index.php\/wp-json\/wp\/v2\/posts\/152"}],"collection":[{"href":"http:\/\/bilder.ngn.nu\/index.php\/wp-json\/wp\/v2\/posts"}],"about":[{"href":"http:\/\/bilder.ngn.nu\/index.php\/wp-json\/wp\/v2\/types\/post"}],"author":[{"embeddable":true,"href":"http:\/\/bilder.ngn.nu\/index.php\/wp-json\/wp\/v2\/users\/1"}],"replies":[{"embeddable":true,"href":"http:\/\/bilder.ngn.nu\/index.php\/wp-json\/wp\/v2\/comments?post=152"}],"version-history":[{"count":0,"href":"http:\/\/bilder.ngn.nu\/index.php\/wp-json\/wp\/v2\/posts\/152\/revisions"}],"wp:attachment":[{"href":"http:\/\/bilder.ngn.nu\/index.php\/wp-json\/wp\/v2\/media?parent=152"}],"wp:term":[{"taxonomy":"category","embeddable":true,"href":"http:\/\/bilder.ngn.nu\/index.php\/wp-json\/wp\/v2\/categories?post=152"},{"taxonomy":"post_tag","embeddable":true,"href":"http:\/\/bilder.ngn.nu\/index.php\/wp-json\/wp\/v2\/tags?post=152"}],"curies":[{"name":"wp","href":"https:\/\/api.w.org\/{rel}","templated":true}]}}