{"id":156,"date":"2008-06-26T17:34:31","date_gmt":"2008-06-26T15:34:31","guid":{"rendered":"http:\/\/bilder.ngn.nu\/?p=156"},"modified":"2009-06-08T20:32:55","modified_gmt":"2009-06-08T18:32:55","slug":"fjaril-11","status":"publish","type":"post","link":"http:\/\/bilder.ngn.nu\/index.php\/2008\/06\/26\/fjaril-11\/","title":{"rendered":"Fj\u00e4ril"},"content":{"rendered":"<div id=\"ngn_bild_rubrik\" style=\"font-weight: bold;\">N\u00e4sselfj\u00e4ril (<span style=\"font-style: italic;\">Aglais urticae<\/span>)<\/div>\n<div id=\"ngn_bild_text\">Ja det verkar sannerligen bli variation p\u00e5 tema. Tema: Dagens N\u00e4sselfj\u00e4ril i ny position.<\/p>\n<p>Den h\u00e4r bilden tycker jag blev l\u00e4cker. Ser n\u00e4stan ut som om fj\u00e4rilen sv\u00e4var i luften.<\/p>\n<\/div>\n<table style=\"width: 800px;\" border=\"0\">\n<tbody>\n<tr>\n<td style=\"text-align: left;\"><img style=\"width: 800px; height: 598px;\" title=\"N\u00e4sselfj\u00e4ril (Aglais urticae)\" src=\"http:\/\/ngn.nu\/Bilder3\/080626_DSC00470_Naesselfjaeril_w800.JPG\" alt=\"N\u00e4sselfj\u00e4ril (Aglais urticae)\" \/><\/td>\n<\/tr>\n<tr>\n<td><small><span style=\"font-style: italic;\">080626 Klockan: 11:12 Br\u00e4nnvidd: 300.0 mm [450 mm] ISO: 100 Slutare: 1\/500 Bl\u00e4ndare: F5.6<br \/>\nKamera: SONY DSLR-A100 Objektiv: 75-300 [35mm: 112,5-450]<\/span><\/small><small><span style=\"font-style: italic;\"><br \/>\n<\/span><\/small><\/td>\n<\/tr>\n<tr>\n<td>\n<div id=\"ngn_bild_text\">Och denna bild f\u00e5r avsluta dagens svit.<\/div>\n<\/td>\n<\/tr>\n<\/tbody>\n<\/table>\n","protected":false},"excerpt":{"rendered":"<p>N\u00e4sselfj\u00e4ril (Aglais urticae) Ja det verkar sannerligen bli variation p\u00e5 tema. Tema: Dagens N\u00e4sselfj\u00e4ril i ny position. Den h\u00e4r bilden tycker jag blev l\u00e4cker. Ser n\u00e4stan ut som om fj\u00e4rilen sv\u00e4var i luften. 080626 Klockan: 11:12 Br\u00e4nnvidd: 300.0 mm [450 mm] ISO: 100 Slutare: 1\/500 Bl\u00e4ndare: F5.6 Kamera: SONY DSLR-A100 Objektiv: 75-300 [35mm: 112,5-450] Och [&hellip;]<\/p>\n","protected":false},"author":1,"featured_media":0,"comment_status":"open","ping_status":"open","sticky":false,"template":"","format":"standard","meta":[],"categories":[119],"tags":[69],"_links":{"self":[{"href":"http:\/\/bilder.ngn.nu\/index.php\/wp-json\/wp\/v2\/posts\/156"}],"collection":[{"href":"http:\/\/bilder.ngn.nu\/index.php\/wp-json\/wp\/v2\/posts"}],"about":[{"href":"http:\/\/bilder.ngn.nu\/index.php\/wp-json\/wp\/v2\/types\/post"}],"author":[{"embeddable":true,"href":"http:\/\/bilder.ngn.nu\/index.php\/wp-json\/wp\/v2\/users\/1"}],"replies":[{"embeddable":true,"href":"http:\/\/bilder.ngn.nu\/index.php\/wp-json\/wp\/v2\/comments?post=156"}],"version-history":[{"count":0,"href":"http:\/\/bilder.ngn.nu\/index.php\/wp-json\/wp\/v2\/posts\/156\/revisions"}],"wp:attachment":[{"href":"http:\/\/bilder.ngn.nu\/index.php\/wp-json\/wp\/v2\/media?parent=156"}],"wp:term":[{"taxonomy":"category","embeddable":true,"href":"http:\/\/bilder.ngn.nu\/index.php\/wp-json\/wp\/v2\/categories?post=156"},{"taxonomy":"post_tag","embeddable":true,"href":"http:\/\/bilder.ngn.nu\/index.php\/wp-json\/wp\/v2\/tags?post=156"}],"curies":[{"name":"wp","href":"https:\/\/api.w.org\/{rel}","templated":true}]}}