{"id":157,"date":"2008-06-26T17:35:04","date_gmt":"2008-06-26T15:35:04","guid":{"rendered":"http:\/\/bilder.ngn.nu\/?p=157"},"modified":"2009-06-08T20:32:29","modified_gmt":"2009-06-08T18:32:29","slug":"odla-2","status":"publish","type":"post","link":"http:\/\/bilder.ngn.nu\/index.php\/2008\/06\/26\/odla-2\/","title":{"rendered":"\u00d6dla"},"content":{"rendered":"<div id=\"ngn_bild_rubrik\" style=\"font-weight: bold;\">Skogs\u00f6dla (<span style=\"font-style: italic;\">Lacerta vivipara<\/span>)<\/div>\n<div id=\"ngn_bild_text\">Jag fortsatte v\u00e4sterut p\u00e5 stigen, vid kanalen, d\u00e4r jag fann snoken fr\u00e5n f\u00f6reg\u00e5ende bild. Vid en massa stenar p\u00e5 v\u00e4nster hand uppfattade jag en r\u00f6relse.<\/p>\n<p>Jag stannade och tog st\u00e4llde mig i balans och centrerade tyngdpunkten, det d\u00e4r har vi f\u00e5tt l\u00e4ra oss vi som g\u00e5tt och tr\u00e4nat Basal Kroppsk\u00e4nnedom. D\u00e5 kan man st\u00e5 stadigt men \u00e4nd\u00e5 avslappnat.<\/p>\n<p>Efter ca 5 minuter tittade den h\u00e4r krabaten h\u00e4r nedan fram.<\/p>\n<p>Skogs\u00f6dlor jagar genom att st\u00e4lla sig p\u00e5 l\u00e4mpligt st\u00e4lle och s\u00e5 v\u00e4ntar de p\u00e5 att maten kommer till dem. Flugor \u00e4r ofta nyfikna och det g\u00f6r att de st\u00e5r p\u00e5 menyn.<\/p>\n<\/div>\n<table style=\"width: 800px;\" border=\"0\">\n<tbody>\n<tr>\n<td style=\"text-align: left;\"><img style=\"width: 800px; height: 585px;\" title=\"Skogs\u00f6dla (Lacerta vivipara)\" src=\"http:\/\/ngn.nu\/Bilder3\/080626_DSC00459_Skogsoedla_w800.JPG\" alt=\"Skogs\u00f6dla (Lacerta vivipara)\" \/><\/td>\n<\/tr>\n<tr>\n<td><small><span style=\"font-style: italic;\">080626 Klockan: 11:01 Br\u00e4nnvidd: 280.0 mm [420 mm] ISO: 200 Slutare: 1\/500 Bl\u00e4ndare: F5.6<br \/>\nKamera: SONY DSLR-A100 Objektiv: 75-300 [35mm: 112,5-450]<\/span><\/small><small><span style=\"font-style: italic;\"><br \/>\n<\/span><\/small><\/td>\n<\/tr>\n<tr>\n<td>\n<div id=\"ngn_bild_text\"><\/div>\n<\/td>\n<\/tr>\n<\/tbody>\n<\/table>\n","protected":false},"excerpt":{"rendered":"<p>Skogs\u00f6dla (Lacerta vivipara) Jag fortsatte v\u00e4sterut p\u00e5 stigen, vid kanalen, d\u00e4r jag fann snoken fr\u00e5n f\u00f6reg\u00e5ende bild. Vid en massa stenar p\u00e5 v\u00e4nster hand uppfattade jag en r\u00f6relse. Jag stannade och tog st\u00e4llde mig i balans och centrerade tyngdpunkten, det d\u00e4r har vi f\u00e5tt l\u00e4ra oss vi som g\u00e5tt och tr\u00e4nat Basal Kroppsk\u00e4nnedom. D\u00e5 kan [&hellip;]<\/p>\n","protected":false},"author":1,"featured_media":0,"comment_status":"open","ping_status":"open","sticky":false,"template":"","format":"standard","meta":[],"categories":[68],"tags":[69],"_links":{"self":[{"href":"http:\/\/bilder.ngn.nu\/index.php\/wp-json\/wp\/v2\/posts\/157"}],"collection":[{"href":"http:\/\/bilder.ngn.nu\/index.php\/wp-json\/wp\/v2\/posts"}],"about":[{"href":"http:\/\/bilder.ngn.nu\/index.php\/wp-json\/wp\/v2\/types\/post"}],"author":[{"embeddable":true,"href":"http:\/\/bilder.ngn.nu\/index.php\/wp-json\/wp\/v2\/users\/1"}],"replies":[{"embeddable":true,"href":"http:\/\/bilder.ngn.nu\/index.php\/wp-json\/wp\/v2\/comments?post=157"}],"version-history":[{"count":0,"href":"http:\/\/bilder.ngn.nu\/index.php\/wp-json\/wp\/v2\/posts\/157\/revisions"}],"wp:attachment":[{"href":"http:\/\/bilder.ngn.nu\/index.php\/wp-json\/wp\/v2\/media?parent=157"}],"wp:term":[{"taxonomy":"category","embeddable":true,"href":"http:\/\/bilder.ngn.nu\/index.php\/wp-json\/wp\/v2\/categories?post=157"},{"taxonomy":"post_tag","embeddable":true,"href":"http:\/\/bilder.ngn.nu\/index.php\/wp-json\/wp\/v2\/tags?post=157"}],"curies":[{"name":"wp","href":"https:\/\/api.w.org\/{rel}","templated":true}]}}