{"id":190,"date":"2007-08-11T09:32:58","date_gmt":"2007-08-11T07:32:58","guid":{"rendered":"http:\/\/bilder.ngn.nu\/?p=190"},"modified":"2009-06-08T21:01:49","modified_gmt":"2009-06-08T19:01:49","slug":"platvittjande-070810","status":"publish","type":"post","link":"http:\/\/bilder.ngn.nu\/index.php\/2007\/08\/11\/platvittjande-070810\/","title":{"rendered":"Pl\u00e5tvittjande. 070810"},"content":{"rendered":"<p>Den h\u00e4r dagen hade jag med mig sonen, han hj\u00e4lpte till med att h\u00e5lla upp pl\u00e5tarna s\u00e5 jag b\u00e4ttre kunde koncentrera mig p\u00e5 fotograferandet.<\/p>\n<p>Under pl\u00e5t 1:<br \/>\n<img loading=\"lazy\" src=\"http:\/\/ngn.nu\/Bilder3\/070810_Dsc01008_w550.jpg\" alt=\"Koppar\u00f6dla (Anguis fragilis) \u00a9NGN-foto\" width=\"551\" height=\"413\" \/><br \/>\nHelt klart gillar koppar\u00f6dlorna denna pl\u00e5t, de samlas i massor. Man kan ju fundera p\u00e5 av vilken anledning de l\u00e4gger sig i s\u00e5 stora klungor. Det \u00e4r ju relativt gott om utrymme under pl\u00e5ten. Notera de tv\u00e5 ensamma individerna till h\u00f6ger i bild. Sv\u00e5rt att r\u00e4kna hur m\u00e5nga som egentligen finns med p\u00e5 bild men jag gissar att det \u00e4r ca 14st.<\/p>\n<p>\u00c5terigen vill jag p\u00e5visa det faktum att koppar\u00f6dlor inte har n\u00e5got emot att dela utrymme med myror. Det \u00e4r ett stort myrsamh\u00e4lle till v\u00e4nster i bilden. Det ljusa som ser ut som r\u00e5ris \u00e4r myr\u00e4gg. Ser ni de sm\u00e5 svarta fl\u00e4ckarna p\u00e5 pl\u00e5ten, till v\u00e4nster? Det \u00e4r myror. Flera av dem tyckte det var helt OK att unders\u00f6ka sonens hand.<\/p>\n<p>Under pl\u00e5t 2 fann vi detta:<br \/>\n<img loading=\"lazy\" src=\"http:\/\/ngn.nu\/Bilder3\/070810_Dsc01015_w550.jpg\" alt=\"Koppar\u00f6dla (Anguis fragilis) \u00a9NGN-foto\" width=\"551\" height=\"571\" \/><br \/>\nFyra stycken mindre koppar\u00f6dlor. D\u00e4r var en till men den kom aldrig med p\u00e5 bild. \u00c4ven h\u00e4r har vi ett myrsamh\u00e4lle, nedtill, till v\u00e4nster i bild; myr\u00e4gg.<\/p>\n<p>Under den lilla tillknycklade pl\u00e5tbunken fann vi en liten stammis:<br \/>\n<img loading=\"lazy\" src=\"http:\/\/ngn.nu\/Bilder3\/070810_Dsc01016_w550.jpg\" alt=\"Koppar\u00f6dla (Anguis fragilis) \u00a9NGN-foto\" width=\"550\" height=\"739\" \/><br \/>\n9 g\u00e5nger av 10 ligger den d\u00e4r i pl\u00e5tvecket.<\/p>\n<p>Pl\u00e5t 3 var tom. Under pl\u00e5t 4:<br \/>\n<img loading=\"lazy\" src=\"http:\/\/ngn.nu\/Bilder3\/070810_Dsc01018_w550.jpg\" alt=\"Koppar\u00f6dla (Anguis fragilis) \u00a9NGN-foto\" width=\"550\" height=\"440\" \/><br \/>\nF\u00e4rgen p\u00e5 den h\u00e4r individen \u00e4r h\u00e4rligt brunorange.<\/p>\n<p>Pl\u00e5t 5-8 tomma. Under pl\u00e5t 9, den med det j\u00e4ttestora myrsamh\u00e4llet, uppt\u00e4ckte vi en koppar\u00f6dla vid ena kanten. Tyv\u00e4rr blev bilden suddig s\u00e5 den duger inte att visa.<br \/>\n<em>(Kamera: Sony CyberShot DSC-W55, objektiv 6,3-18,9 [35mm: 38-114])<\/em><\/p>\n","protected":false},"excerpt":{"rendered":"<p>Den h\u00e4r dagen hade jag med mig sonen, han hj\u00e4lpte till med att h\u00e5lla upp pl\u00e5tarna s\u00e5 jag b\u00e4ttre kunde koncentrera mig p\u00e5 fotograferandet. Under pl\u00e5t 1: Helt klart gillar koppar\u00f6dlorna denna pl\u00e5t, de samlas i massor. Man kan ju fundera p\u00e5 av vilken anledning de l\u00e4gger sig i s\u00e5 stora klungor. Det \u00e4r ju [&hellip;]<\/p>\n","protected":false},"author":1,"featured_media":0,"comment_status":"open","ping_status":"open","sticky":false,"template":"","format":"standard","meta":[],"categories":[41,100],"tags":[89,70,134,159],"_links":{"self":[{"href":"http:\/\/bilder.ngn.nu\/index.php\/wp-json\/wp\/v2\/posts\/190"}],"collection":[{"href":"http:\/\/bilder.ngn.nu\/index.php\/wp-json\/wp\/v2\/posts"}],"about":[{"href":"http:\/\/bilder.ngn.nu\/index.php\/wp-json\/wp\/v2\/types\/post"}],"author":[{"embeddable":true,"href":"http:\/\/bilder.ngn.nu\/index.php\/wp-json\/wp\/v2\/users\/1"}],"replies":[{"embeddable":true,"href":"http:\/\/bilder.ngn.nu\/index.php\/wp-json\/wp\/v2\/comments?post=190"}],"version-history":[{"count":0,"href":"http:\/\/bilder.ngn.nu\/index.php\/wp-json\/wp\/v2\/posts\/190\/revisions"}],"wp:attachment":[{"href":"http:\/\/bilder.ngn.nu\/index.php\/wp-json\/wp\/v2\/media?parent=190"}],"wp:term":[{"taxonomy":"category","embeddable":true,"href":"http:\/\/bilder.ngn.nu\/index.php\/wp-json\/wp\/v2\/categories?post=190"},{"taxonomy":"post_tag","embeddable":true,"href":"http:\/\/bilder.ngn.nu\/index.php\/wp-json\/wp\/v2\/tags?post=190"}],"curies":[{"name":"wp","href":"https:\/\/api.w.org\/{rel}","templated":true}]}}