{"id":208,"date":"2008-06-27T16:20:32","date_gmt":"2008-06-27T14:20:32","guid":{"rendered":"http:\/\/bilder.ngn.nu\/?p=208"},"modified":"2009-06-08T20:28:09","modified_gmt":"2009-06-08T18:28:09","slug":"spindel","status":"publish","type":"post","link":"http:\/\/bilder.ngn.nu\/index.php\/2008\/06\/27\/spindel\/","title":{"rendered":"Spindel"},"content":{"rendered":"<table style=\"width: 800px;\" border=\"0\">\n<tbody>\n<tr>\n<td>\n<div id=\"ngn_bild_rubrik\"><span style=\"font-weight: bold; font-family: Helvetica,Arial,sans-serif;\">\u00c4ngsvargspindel (<span style=\"font-style: italic;\">Pardosa amentata<\/span>), hona med \u00e4ggkokong.<\/span><\/div>\n<\/td>\n<\/tr>\n<tr>\n<td>\n<div id=\"ngn_bild_text_above\">Medan jag stod och ja, lurpassade p\u00e5 Vesslan s\u00e5 var det n\u00e5got som r\u00f6rde sig nere till v\u00e4nster om mina f\u00f6tter s\u00e5 det fick bli n\u00e5gra bilder \u00e5t det h\u00e5llet ocks\u00e5.<\/div>\n<\/td>\n<\/tr>\n<tr>\n<td align=\"center\"><img style=\"width: 800px; height: 589px;\" title=\"\u00c4ngsvargspindel (Pardosa amentata)\" src=\"http:\/\/ngn.nu\/Bilder3\/080627_DSC00493_Aengsvargspindel_w800.JPG\" alt=\"\u00c4ngsvargspindel (Pardosa amentata)\" \/><\/td>\n<\/tr>\n<tr>\n<td style=\"font-style: italic; font-size: 80%;\" align=\"left\">\n<div id=\"EXIF\">080627 Klockan: 09:26 Br\u00e4nnvidd: 300.0 mm [450 mm] ISO: 400 Slutare: 1\/500 Bl\u00e4ndare: F5.6<br \/>\nKamera: SONY DSLR-A100 Objektiv: 75-300 [35mm: 112,5-450]<\/div>\n<\/td>\n<\/tr>\n<tr>\n<td align=\"left\">\n<div id=\"ngn_bild_text\"><\/div>\n<\/td>\n<\/tr>\n<\/tbody>\n<\/table>\n","protected":false},"excerpt":{"rendered":"<p>\u00c4ngsvargspindel (Pardosa amentata), hona med \u00e4ggkokong. Medan jag stod och ja, lurpassade p\u00e5 Vesslan s\u00e5 var det n\u00e5got som r\u00f6rde sig nere till v\u00e4nster om mina f\u00f6tter s\u00e5 det fick bli n\u00e5gra bilder \u00e5t det h\u00e5llet ocks\u00e5. 080627 Klockan: 09:26 Br\u00e4nnvidd: 300.0 mm [450 mm] ISO: 400 Slutare: 1\/500 Bl\u00e4ndare: F5.6 Kamera: SONY DSLR-A100 Objektiv: [&hellip;]<\/p>\n","protected":false},"author":1,"featured_media":0,"comment_status":"open","ping_status":"open","sticky":false,"template":"","format":"standard","meta":[],"categories":[260],"tags":[69],"_links":{"self":[{"href":"http:\/\/bilder.ngn.nu\/index.php\/wp-json\/wp\/v2\/posts\/208"}],"collection":[{"href":"http:\/\/bilder.ngn.nu\/index.php\/wp-json\/wp\/v2\/posts"}],"about":[{"href":"http:\/\/bilder.ngn.nu\/index.php\/wp-json\/wp\/v2\/types\/post"}],"author":[{"embeddable":true,"href":"http:\/\/bilder.ngn.nu\/index.php\/wp-json\/wp\/v2\/users\/1"}],"replies":[{"embeddable":true,"href":"http:\/\/bilder.ngn.nu\/index.php\/wp-json\/wp\/v2\/comments?post=208"}],"version-history":[{"count":0,"href":"http:\/\/bilder.ngn.nu\/index.php\/wp-json\/wp\/v2\/posts\/208\/revisions"}],"wp:attachment":[{"href":"http:\/\/bilder.ngn.nu\/index.php\/wp-json\/wp\/v2\/media?parent=208"}],"wp:term":[{"taxonomy":"category","embeddable":true,"href":"http:\/\/bilder.ngn.nu\/index.php\/wp-json\/wp\/v2\/categories?post=208"},{"taxonomy":"post_tag","embeddable":true,"href":"http:\/\/bilder.ngn.nu\/index.php\/wp-json\/wp\/v2\/tags?post=208"}],"curies":[{"name":"wp","href":"https:\/\/api.w.org\/{rel}","templated":true}]}}