{"id":210,"date":"2008-06-28T15:00:35","date_gmt":"2008-06-28T13:00:35","guid":{"rendered":"http:\/\/bilder.ngn.nu\/?p=210"},"modified":"2009-06-08T20:26:22","modified_gmt":"2009-06-08T18:26:22","slug":"nisse","status":"publish","type":"post","link":"http:\/\/bilder.ngn.nu\/index.php\/2008\/06\/28\/nisse\/","title":{"rendered":"Nisse"},"content":{"rendered":"<table style=\"width: 800px;\" border=\"0\">\n<tbody>\n<tr>\n<td>\n<div id=\"ngn_bild_rubrik\"><span style=\"font-weight: bold; font-family: Helvetica,Arial,sans-serif;\">Nisse (<span style=\"font-style: italic;\">Homo sapiens<\/span>),  S\u00e4r\u00f6 V\u00e4sterskogens Naturreservat.<\/span><\/div>\n<\/td>\n<\/tr>\n<tr>\n<td>\n<div id=\"ngn_bild_text_above\">Hustrun tog en bild, arrangerad, f\u00f6r att illustrera och dokumentera dels mitt Hasselsnoks och Sand\u00f6dleletande och dels att vi var s\u00e5 smarta s\u00e5 vi tog med oss v\u00e5ra cylkar, till den s.k. strandpromenaden.<\/div>\n<\/td>\n<\/tr>\n<tr>\n<td align=\"center\"><img style=\"width: 800px; height: 546px;\" title=\"Nisse (Homo sapiens)\" src=\"http:\/\/ngn.nu\/Bilder3\/080628_DSC01844+0636_Nisse_Saeroe_w800.JPG\" alt=\"Nisse (Homo sapiens)\" \/><\/td>\n<\/tr>\n<tr>\n<td style=\"font-style: italic; font-size: 80%;\" align=\"left\">\n<div id=\"EXIF\">Stora bilden:<br \/>\n080628 Klockan: 14:12 Br\u00e4nnvidd: 6.3 mm [38] ISO: 100 Slutare: 1\/400 Bl\u00e4ndare: F7.1<br \/>\nKamera: SONY CyberShot DSC-W55 Objektiv: 6,3-18,9 [35mm: 38-114]<br \/>\nInf\u00e4llda bilden:<br \/>\n080628 Klockan: 14:09 Br\u00e4nnvidd: 300.0 mm [450 mm] ISO: 100 Slutare: 1\/500 Bl\u00e4ndare: F5.6<br \/>\nKamera: SONY DSLR-A100 Objektiv: 75-300 [35mm: 112,5-450]<\/div>\n<\/td>\n<\/tr>\n<tr>\n<td align=\"left\">\n<div id=\"ngn_bild_text\">Ska man cykla h\u00e4r s\u00e5 m\u00e5ste man vara cirkusartist eller ha en s\u00e5dan d\u00e4r cykel som man kan kl\u00e4ttra i berg med och s\u00e5 ska man ju givetvis ha den f\u00e4rdigheten ocks\u00e5.<\/p>\n<p>Inga ormar och inga \u00f6dlor men vi hade tur med v\u00e4dret. Och efterf\u00f6ljande vistelse p\u00e5 S\u00e4r\u00f6hus hotell med \u00f6vernattning var inte fel.<\/p>\n<\/div>\n<\/td>\n<\/tr>\n<\/tbody>\n<\/table>\n","protected":false},"excerpt":{"rendered":"<p>Nisse (Homo sapiens), S\u00e4r\u00f6 V\u00e4sterskogens Naturreservat. Hustrun tog en bild, arrangerad, f\u00f6r att illustrera och dokumentera dels mitt Hasselsnoks och Sand\u00f6dleletande och dels att vi var s\u00e5 smarta s\u00e5 vi tog med oss v\u00e5ra cylkar, till den s.k. strandpromenaden. Stora bilden: 080628 Klockan: 14:12 Br\u00e4nnvidd: 6.3 mm [38] ISO: 100 Slutare: 1\/400 Bl\u00e4ndare: F7.1 Kamera: [&hellip;]<\/p>\n","protected":false},"author":1,"featured_media":0,"comment_status":"open","ping_status":"open","sticky":false,"template":"","format":"standard","meta":[],"categories":[208],"tags":[262,263],"_links":{"self":[{"href":"http:\/\/bilder.ngn.nu\/index.php\/wp-json\/wp\/v2\/posts\/210"}],"collection":[{"href":"http:\/\/bilder.ngn.nu\/index.php\/wp-json\/wp\/v2\/posts"}],"about":[{"href":"http:\/\/bilder.ngn.nu\/index.php\/wp-json\/wp\/v2\/types\/post"}],"author":[{"embeddable":true,"href":"http:\/\/bilder.ngn.nu\/index.php\/wp-json\/wp\/v2\/users\/1"}],"replies":[{"embeddable":true,"href":"http:\/\/bilder.ngn.nu\/index.php\/wp-json\/wp\/v2\/comments?post=210"}],"version-history":[{"count":0,"href":"http:\/\/bilder.ngn.nu\/index.php\/wp-json\/wp\/v2\/posts\/210\/revisions"}],"wp:attachment":[{"href":"http:\/\/bilder.ngn.nu\/index.php\/wp-json\/wp\/v2\/media?parent=210"}],"wp:term":[{"taxonomy":"category","embeddable":true,"href":"http:\/\/bilder.ngn.nu\/index.php\/wp-json\/wp\/v2\/categories?post=210"},{"taxonomy":"post_tag","embeddable":true,"href":"http:\/\/bilder.ngn.nu\/index.php\/wp-json\/wp\/v2\/tags?post=210"}],"curies":[{"name":"wp","href":"https:\/\/api.w.org\/{rel}","templated":true}]}}