{"id":216,"date":"2008-07-02T21:00:35","date_gmt":"2008-07-02T19:00:35","guid":{"rendered":"http:\/\/bilder.ngn.nu\/?p=216"},"modified":"2009-06-08T20:23:26","modified_gmt":"2009-06-08T18:23:26","slug":"kopparodlor-3","status":"publish","type":"post","link":"http:\/\/bilder.ngn.nu\/index.php\/2008\/07\/02\/kopparodlor-3\/","title":{"rendered":"Koppar\u00f6dlor"},"content":{"rendered":"<table style=\"width: 800px;\" border=\"0\">\n<tbody>\n<tr>\n<td>\n<div id=\"ngn_bild_rubrik\"><span style=\"font-weight: bold; font-family: Helvetica,Arial,sans-serif;\">Koppar\u00f6dlor <\/span><span style=\"font-family: Times New Roman,Times,sans-serif;\">(<span style=\"font-style: italic; font-family: Times New Roman,Times,sans-serif;\"><span style=\"font-family: Times New Roman,Times,serif;\">Anguis fragilis<\/span><\/span><span style=\"font-family: Times New Roman,Times,serif;\">)<\/span><\/span><\/div>\n<\/td>\n<\/tr>\n<tr>\n<td>\n<div id=\"ngn_bild_text_above\">Var upp till &#8217;h\u00f6jden&#8217; och kollade de 4 pl\u00e5tar jag har koll p\u00e5 d\u00e4r. Under pl\u00e5t nr 02. Fann jag tv\u00e5 Koppar\u00f6dlor som l\u00e5g still tillr\u00e4ckligt l\u00e4nge f\u00f6r en bild.<\/div>\n<\/td>\n<\/tr>\n<tr>\n<td align=\"center\"><img style=\"width: 800px; height: 502px;\" title=\"Koppar\u00f6dlor (Anguis fragilis)\" src=\"http:\/\/ngn.nu\/Bilder3\/080702_DSC01854+1853_Kopparoedlor_w800.JPG\" alt=\"Koppar\u00f6dlor (Anguis fragilis)\" \/><\/td>\n<\/tr>\n<tr>\n<td style=\"font-style: italic; font-size: 80%;\" align=\"left\">\n<div id=\"EXIF\">Stora bilden:<br \/>\n080702 Klockan: 20:57 Blixt: Ja Br\u00e4nnvidd: 6.3 mm [38] ISO: 100 Slutare: 1\/40 Bl\u00e4ndare: F2.8<br \/>\nKamera: SONY CyberShot DSC-W55 Objektiv: 6,3-18,9 [35mm: 38-114]<br \/>\nnf\u00e4llda bilden:<br \/>\n080702 Klockan: 20:57 Blixt: Ja Br\u00e4nnvidd: 6.3 mm [38] ISO: 100 Slutare: 1\/40 Bl\u00e4ndare: F2.8<br \/>\nKamera: SONY CyberShot DSC-W55 Objektiv: 6,3-18,9 [35mm: 38-114]<br \/>\n080702_DSC01854+1853_Kopparoedlor_w800.html<\/div>\n<\/td>\n<\/tr>\n<tr>\n<td align=\"left\">\n<div id=\"ngn_bild_text\">Koppar\u00f6dlan till v\u00e4nster i bild var pytteliten. Kanske 3-4 mm &#8217;tjock&#8217; och ca 13-15 cm i l\u00e4ngd.<br \/>\n\u00d6dlan i den inf\u00e4llda bilden var nog ca 3 g\u00e5nger st\u00f6rre. Den fick hamna i en mindre bild bara f\u00f6r att den g\u00f6mmer huvudet.<\/div>\n<div id=\"ngn_bild_text\">Under pl\u00e5t 01 s\u00e5g jag bak\u00e4ndan p\u00e5 en koppar\u00f6dla f\u00f6rsvinna ned i det f\u00f6rmultnande gr\u00e4set.<\/div>\n<\/td>\n<\/tr>\n<\/tbody>\n<\/table>\n","protected":false},"excerpt":{"rendered":"<p>Koppar\u00f6dlor (Anguis fragilis) Var upp till &#8217;h\u00f6jden&#8217; och kollade de 4 pl\u00e5tar jag har koll p\u00e5 d\u00e4r. Under pl\u00e5t nr 02. Fann jag tv\u00e5 Koppar\u00f6dlor som l\u00e5g still tillr\u00e4ckligt l\u00e4nge f\u00f6r en bild. Stora bilden: 080702 Klockan: 20:57 Blixt: Ja Br\u00e4nnvidd: 6.3 mm [38] ISO: 100 Slutare: 1\/40 Bl\u00e4ndare: F2.8 Kamera: SONY CyberShot DSC-W55 Objektiv: [&hellip;]<\/p>\n","protected":false},"author":1,"featured_media":0,"comment_status":"open","ping_status":"open","sticky":false,"template":"","format":"standard","meta":[],"categories":[41],"tags":[188],"_links":{"self":[{"href":"http:\/\/bilder.ngn.nu\/index.php\/wp-json\/wp\/v2\/posts\/216"}],"collection":[{"href":"http:\/\/bilder.ngn.nu\/index.php\/wp-json\/wp\/v2\/posts"}],"about":[{"href":"http:\/\/bilder.ngn.nu\/index.php\/wp-json\/wp\/v2\/types\/post"}],"author":[{"embeddable":true,"href":"http:\/\/bilder.ngn.nu\/index.php\/wp-json\/wp\/v2\/users\/1"}],"replies":[{"embeddable":true,"href":"http:\/\/bilder.ngn.nu\/index.php\/wp-json\/wp\/v2\/comments?post=216"}],"version-history":[{"count":0,"href":"http:\/\/bilder.ngn.nu\/index.php\/wp-json\/wp\/v2\/posts\/216\/revisions"}],"wp:attachment":[{"href":"http:\/\/bilder.ngn.nu\/index.php\/wp-json\/wp\/v2\/media?parent=216"}],"wp:term":[{"taxonomy":"category","embeddable":true,"href":"http:\/\/bilder.ngn.nu\/index.php\/wp-json\/wp\/v2\/categories?post=216"},{"taxonomy":"post_tag","embeddable":true,"href":"http:\/\/bilder.ngn.nu\/index.php\/wp-json\/wp\/v2\/tags?post=216"}],"curies":[{"name":"wp","href":"https:\/\/api.w.org\/{rel}","templated":true}]}}