{"id":217,"date":"2008-07-02T21:05:36","date_gmt":"2008-07-02T19:05:36","guid":{"rendered":"http:\/\/bilder.ngn.nu\/?p=217"},"modified":"2009-06-08T20:22:58","modified_gmt":"2009-06-08T18:22:58","slug":"fasan","status":"publish","type":"post","link":"http:\/\/bilder.ngn.nu\/index.php\/2008\/07\/02\/fasan\/","title":{"rendered":"F\u00e5gel"},"content":{"rendered":"<table style=\"width: 800px;\" border=\"0\">\n<tbody>\n<tr>\n<td>\n<div id=\"ngn_bild_rubrik\"><span style=\"font-weight: bold; font-family: Helvetica,Arial,sans-serif;\">Fasan<span style=\"font-family: Times New Roman,Times,serif;\"> <\/span><\/span><span style=\"font-family: Times New Roman,Times,serif;\">(<\/span><span style=\"font-style: italic; font-family: Times New Roman,Times,serif;\">Phasianus colchicus<\/span><span style=\"font-family: Times New Roman,Times,serif;\">), h\u00f6na<br \/>\n<\/span><\/div>\n<\/td>\n<\/tr>\n<tr>\n<td>\n<div id=\"ngn_bild_text_above\">N\u00e4r jag cyklade hem\u00e5t uppm\u00e4rksammade jag ett ljud som kom fr\u00e5n ett gr\u00e4sbevuxet omr\u00e5de p\u00e5 min v\u00e4nstra sida.<br \/>\nJag stannade och spanade lite. Fick d\u00e5, i det halvh\u00f6ga gr\u00e4set, syn p\u00e5 en fasanh\u00f6na. Jag s\u00e5g ocks\u00e5 att det var n\u00e5got mindre som r\u00f6rde sig efter h\u00f6nan.<br \/>\nA ha! Sm\u00e5telningar. Gulliga sm\u00e5 saker. Best\u00e4mde mig f\u00f6r att f\u00f6rsiktigt f\u00f6rs\u00f6ka f\u00e5 en bild p\u00e5 de sm\u00e5.<\/div>\n<\/td>\n<\/tr>\n<tr>\n<td align=\"center\"><img style=\"width: 800px; height: 545px;\" title=\"Fasanh\u00f6na (Phasianus colchicus)\" src=\"http:\/\/ngn.nu\/Bilder3\/080702_DSC00868_Fasanhoena_w800.JPG\" alt=\"Fasanh\u00f6na (Phasianus colchicus)\" \/><\/td>\n<\/tr>\n<tr>\n<td style=\"font-style: italic; font-size: 80%;\" align=\"left\">\n<div id=\"EXIF\">080702 Klockan: 11:24 Br\u00e4nnvidd: 160.0 mm [240 mm] ISO: 125 Slutare: 1\/500 Bl\u00e4ndare: F5.6<br \/>\nKamera: SONY DSLR-A100 Objektiv: 75-300 [35mm: 112,5-450]<\/div>\n<\/td>\n<\/tr>\n<tr>\n<td align=\"left\">\n<div id=\"ngn_bild_text\">Sonens kommentar till den h\u00e4r bilden: De g\u00e5r att \u00e4ta va?<\/div>\n<\/td>\n<\/tr>\n<tr>\n<td>\n<div id=\"ngn_bild_text\">Jag tassade s\u00e5 n\u00e4ra jag v\u00e5gade f\u00f6r att inte st\u00f6ra fasanh\u00f6nan och de sm\u00e5 allt f\u00f6r mycket. Men s\u00e5 h\u00f6rde jag att hon varningsropade och s\u00e5 drog hon iv\u00e4g till nedfallet tr\u00e4. Jag sm\u00f6g f\u00f6rsiktigt fram till platsen d\u00e4r hon ropat &#8217;kommandot&#8217;: &#8217;Ligg still!&#8217;<\/div>\n<div id=\"ngn_bild_text\">Jag stirrade stint ned i gr\u00e4set och gick mycket f\u00f6rsiktigt. Och varje g\u00e5ng blev jag skitr\u00e4dd n\u00e4r det flaxade upp en liten fasanunge bara n\u00e5gon halv meter framf\u00f6r mig d\u00e4r jag precis st\u00e5tt och stirrat. De \u00e4r suver\u00e4na p\u00e5 att kamouflera sig. Det blev ingen bild p\u00e5 n\u00e5gra sm\u00e5fasaner.<\/div>\n<\/td>\n<\/tr>\n<tr>\n<td><img style=\"width: 800px; height: 614px;\" title=\"Fasanh\u00f6na (Phasianus colchicus)\" src=\"http:\/\/ngn.nu\/Bilder3\/080702_DSC00885_Fasanhoena_w800.JPG\" alt=\"Fasanh\u00f6na (Phasianus colchicus)\" \/><\/td>\n<\/tr>\n<tr style=\"font-style: italic;\">\n<td>\n<div id=\"EXIF\"><small>080702 Klockan: 11:26 Br\u00e4nnvidd: 110.0 mm [165 mm] ISO: 200 Slutare: 1\/400 Bl\u00e4ndare: F5.0<br \/>\nKamera: SONY DSLR-A100 Objektiv: 75-300 [35mm: 112,5-450]<\/small><\/div>\n<\/td>\n<\/tr>\n<tr>\n<td>\n<div id=\"ngn_bild_text\">Jag lade mig ned i gr\u00e4set f\u00f6r att p\u00e5 s\u00e5 vis signalera att jag inte \u00e4r ett direkt hot. Hela tiden ropar hon till de sm\u00e5 och jag h\u00f6r sm\u00e5 pip till svar.<\/div>\n<\/td>\n<\/tr>\n<tr>\n<td>\n<div id=\"ngn_bild_text_above\">H\u00e4r \u00e4r hon p\u00e5 v\u00e4g till &#8217;uppsamlingsplatsen&#8217;. Jag gissar att hon hade v\u00e4l kanske 6-7 stycken ungar.<\/div>\n<\/td>\n<\/tr>\n<tr>\n<td><img style=\"width: 800px; height: 570px;\" title=\"Fasanh\u00f6na (Phasianus colchicus)\" src=\"http:\/\/ngn.nu\/Bilder3\/080702_DSC00896_Fasanhoena_w800.JPG\" alt=\"Fasanh\u00f6na (Phasianus colchicus)\" \/><\/td>\n<\/tr>\n<tr style=\"font-style: italic;\">\n<td>\n<div id=\"EXIF\"><small>080702 Klockan: 11:28 Br\u00e4nnvidd: 110.0 mm [165 mm] ISO: 100 Slutare: 1\/400 Bl\u00e4ndare: F5.6<br \/>\nKamera: SONY DSLR-A100 Objektiv: 75-300 [35mm: 112,5-450]<\/small><\/div>\n<\/td>\n<\/tr>\n<tr>\n<td><\/td>\n<\/tr>\n<\/tbody>\n<\/table>\n","protected":false},"excerpt":{"rendered":"<p>Fasan (Phasianus colchicus), h\u00f6na N\u00e4r jag cyklade hem\u00e5t uppm\u00e4rksammade jag ett ljud som kom fr\u00e5n ett gr\u00e4sbevuxet omr\u00e5de p\u00e5 min v\u00e4nstra sida. Jag stannade och spanade lite. Fick d\u00e5, i det halvh\u00f6ga gr\u00e4set, syn p\u00e5 en fasanh\u00f6na. Jag s\u00e5g ocks\u00e5 att det var n\u00e5got mindre som r\u00f6rde sig efter h\u00f6nan. A ha! Sm\u00e5telningar. Gulliga sm\u00e5 [&hellip;]<\/p>\n","protected":false},"author":1,"featured_media":0,"comment_status":"open","ping_status":"open","sticky":false,"template":"","format":"standard","meta":[],"categories":[268],"tags":[96],"_links":{"self":[{"href":"http:\/\/bilder.ngn.nu\/index.php\/wp-json\/wp\/v2\/posts\/217"}],"collection":[{"href":"http:\/\/bilder.ngn.nu\/index.php\/wp-json\/wp\/v2\/posts"}],"about":[{"href":"http:\/\/bilder.ngn.nu\/index.php\/wp-json\/wp\/v2\/types\/post"}],"author":[{"embeddable":true,"href":"http:\/\/bilder.ngn.nu\/index.php\/wp-json\/wp\/v2\/users\/1"}],"replies":[{"embeddable":true,"href":"http:\/\/bilder.ngn.nu\/index.php\/wp-json\/wp\/v2\/comments?post=217"}],"version-history":[{"count":0,"href":"http:\/\/bilder.ngn.nu\/index.php\/wp-json\/wp\/v2\/posts\/217\/revisions"}],"wp:attachment":[{"href":"http:\/\/bilder.ngn.nu\/index.php\/wp-json\/wp\/v2\/media?parent=217"}],"wp:term":[{"taxonomy":"category","embeddable":true,"href":"http:\/\/bilder.ngn.nu\/index.php\/wp-json\/wp\/v2\/categories?post=217"},{"taxonomy":"post_tag","embeddable":true,"href":"http:\/\/bilder.ngn.nu\/index.php\/wp-json\/wp\/v2\/tags?post=217"}],"curies":[{"name":"wp","href":"https:\/\/api.w.org\/{rel}","templated":true}]}}