{"id":224,"date":"2008-07-04T18:35:44","date_gmt":"2008-07-04T16:35:44","guid":{"rendered":"http:\/\/bilder.ngn.nu\/?p=224"},"modified":"2009-06-08T20:18:15","modified_gmt":"2009-06-08T18:18:15","slug":"blommor","status":"publish","type":"post","link":"http:\/\/bilder.ngn.nu\/index.php\/2008\/07\/04\/blommor\/","title":{"rendered":"Blommor"},"content":{"rendered":"<table style=\"width: 800px;\" border=\"0\">\n<tbody>\n<tr>\n<td>\n<div id=\"ngn_bild_rubrik\"><span style=\"font-weight: bold; font-family: Helvetica,Arial,sans-serif;\">Gul blomma <\/span><span style=\"font-family: Helvetica,Arial,sans-serif;\">(<span style=\"font-style: italic;\">?<\/span><\/span><span style=\"font-family: Helvetica,Arial,sans-serif;\">)<\/span><\/div>\n<\/td>\n<\/tr>\n<tr>\n<td>\n<div id=\"ngn_bild_text_above\">Jag \u00e4r hoppl\u00f6s p\u00e5 artbest\u00e4mning av blommor.<\/div>\n<\/td>\n<\/tr>\n<tr>\n<td align=\"center\"><img style=\"width: 800px; height: 564px;\" title=\"Gul blomma\" src=\"http:\/\/ngn.nu\/Bilder3\/080704_DSC01073+1070_Blomma_Kompr94_w800.JPG\" alt=\"Gul blomma\" \/><\/td>\n<\/tr>\n<tr>\n<td style=\"font-style: italic; font-size: 80%;\" align=\"left\">\n<div id=\"EXIF\">Stora bilden:<br \/>\n080704 Klockan: 18:09 Br\u00e4nnvidd: 105.0 mm [157 mm] ISO: 100 Slutare: 1\/200 Bl\u00e4ndare: F5.6<br \/>\nKamera: SONY DSLR-A100 Objektiv: Sigma 105 [35mm: 157] makro<br \/>\nInf\u00e4llda bilden:<br \/>\n080704 Klockan: 18:07 Br\u00e4nnvidd: 105.0 mm [157 mm] ISO: 100 Slutare: 1\/160 Bl\u00e4ndare: F6.3<br \/>\nKamera: SONY DSLR-A100 Objektiv: Sigma 105 [35mm: 157] makro<\/div>\n<\/td>\n<\/tr>\n<tr>\n<td align=\"left\">\n<div id=\"ngn_bild_text\">Jag \u00e4r inte ens s\u00e4ker p\u00e5 om ovanst\u00e5ende \u00e4r knoppar. Fina blir de i n\u00e4rbild i vart fall.<\/div>\n<\/td>\n<\/tr>\n<tr>\n<td>\n<div id=\"ngn_bild_rubrik\"><span style=\"font-weight: bold; font-family: Helvetica,Arial,sans-serif;\">Annan blomma <\/span><span style=\"font-family: Helvetica,Arial,sans-serif;\">(<span style=\"font-style: italic;\">?<\/span><\/span><span style=\"font-family: Helvetica,Arial,sans-serif;\">)<\/span><\/div>\n<\/td>\n<\/tr>\n<tr>\n<td>\n<div id=\"ngn_bild_text_above\">Det kan vara n\u00e5gon \u00f6rt eller ett gr\u00e4s? Som sagt jag \u00e4r helt borta n\u00e4r det g\u00e4ller v\u00e4xter. Men jag kanske l\u00e4r mig om Ni hj\u00e4lper mig med artbest\u00e4mningarna, visst.<\/div>\n<\/td>\n<\/tr>\n<tr>\n<td><img style=\"width: 800px; height: 465px;\" title=\"Annan blomma\" src=\"http:\/\/ngn.nu\/Bilder3\/080704_DSC01074+1071_Blomma_Kompr94_w800.JPG\" alt=\"Annan blomma\" \/><\/td>\n<\/tr>\n<tr style=\"font-style: italic;\">\n<td>\n<div id=\"EXIF\"><small>Stora bilden:<br \/>\n080704 Klockan: 18:10 Br\u00e4nnvidd: 105.0 mm [157 mm] ISO: 100 Slutare: 1\/160 Bl\u00e4ndare: F5.0<br \/>\nKamera: SONY DSLR-A100 Objektiv: Sigma 105 [35mm: 157] makro<br \/>\nInf\u00e4llda bilden:<br \/>\n080704 Klockan: 18:08 Br\u00e4nnvidd: 105.0 mm [157 mm] ISO: 100 Slutare: 1\/160 Bl\u00e4ndare: F4.5<br \/>\nKamera: SONY DSLR-A100 Objektiv: Sigma 105 [35mm: 157] makro<\/small><\/div>\n<\/td>\n<\/tr>\n<tr>\n<td>\n<div id=\"ngn_bild_text\"><\/div>\n<\/td>\n<\/tr>\n<tr>\n<td>\n<div id=\"ngn_bild_rubrik\"><span style=\"font-weight: bold; font-family: Helvetica,Arial,sans-serif;\">Vit blomma med mycket sm\u00e5 blommor <\/span><span style=\"font-family: Helvetica,Arial,sans-serif;\">(<span style=\"font-style: italic;\">?<\/span><\/span><span style=\"font-family: Helvetica,Arial,sans-serif;\">)<\/span><\/div>\n<\/td>\n<\/tr>\n<tr>\n<td>\n<div id=\"ngn_bild_text_above\">Detta \u00e4r antagligen en v\u00e4ldigt vanlig blomma som s\u00e4ker m\u00e5ng kan namnet p\u00e5. S\u00e5, hj\u00e4lp mig g\u00e4rna.<\/div>\n<\/td>\n<\/tr>\n<tr>\n<td><img style=\"width: 800px; height: 575px;\" title=\"Vit blomma med mycket sm\u00e5 blommor\" src=\"http:\/\/ngn.nu\/Bilder3\/080704_DSC01075+1079_Blomma_Kompr94_w800.JPG\" alt=\"Vit blomma med mycket sm\u00e5 blommor\" \/><\/td>\n<\/tr>\n<tr style=\"font-style: italic;\">\n<td>\n<div id=\"EXIF\"><small>Stora bilden:<br \/>\n080704 Klockan: 18:13 Br\u00e4nnvidd: 105.0 mm [157 mm] ISO: 100 Slutare: 1\/400 Bl\u00e4ndare: F5.6<br \/>\nKamera: SONY DSLR-A100 Objektiv: Sigma 105 [35mm: 157] makro<br \/>\nInf\u00e4llda bilden:<br \/>\n080704 Klockan: 18:14 Br\u00e4nnvidd: 105.0 mm [157 mm] ISO: 100 Slutare: 1\/160 Bl\u00e4ndare: F7.1<br \/>\nKamera: SONY DSLR-A100 Objektiv: Sigma 105 [35mm: 157] makro<\/small><\/div>\n<\/td>\n<\/tr>\n<tr>\n<td>\n<div id=\"ngn_bild_text\">Gemensamt f\u00f6r samtliga blommor i det h\u00e4r inl\u00e4gget \u00e4r att de v\u00e4xer vid en sj\u00f6kant. Gr\u00e4smatta p\u00e5 land. Grova stenar som avgr\u00e4nsar ned mot V\u00e4nervattnet.<br \/>\nBilderna \u00e4r fr\u00e5n Gr\u00f6nvik. \u00d6ster om Ursands bad och camping. Norr om V\u00e4nersborg.<\/div>\n<\/td>\n<\/tr>\n<\/tbody>\n<\/table>\n","protected":false},"excerpt":{"rendered":"<p>Gul blomma (?) Jag \u00e4r hoppl\u00f6s p\u00e5 artbest\u00e4mning av blommor. Stora bilden: 080704 Klockan: 18:09 Br\u00e4nnvidd: 105.0 mm [157 mm] ISO: 100 Slutare: 1\/200 Bl\u00e4ndare: F5.6 Kamera: SONY DSLR-A100 Objektiv: Sigma 105 [35mm: 157] makro Inf\u00e4llda bilden: 080704 Klockan: 18:07 Br\u00e4nnvidd: 105.0 mm [157 mm] ISO: 100 Slutare: 1\/160 Bl\u00e4ndare: F6.3 Kamera: SONY DSLR-A100 Objektiv: [&hellip;]<\/p>\n","protected":false},"author":1,"featured_media":0,"comment_status":"open","ping_status":"open","sticky":false,"template":"","format":"standard","meta":[],"categories":[277],"tags":[284],"_links":{"self":[{"href":"http:\/\/bilder.ngn.nu\/index.php\/wp-json\/wp\/v2\/posts\/224"}],"collection":[{"href":"http:\/\/bilder.ngn.nu\/index.php\/wp-json\/wp\/v2\/posts"}],"about":[{"href":"http:\/\/bilder.ngn.nu\/index.php\/wp-json\/wp\/v2\/types\/post"}],"author":[{"embeddable":true,"href":"http:\/\/bilder.ngn.nu\/index.php\/wp-json\/wp\/v2\/users\/1"}],"replies":[{"embeddable":true,"href":"http:\/\/bilder.ngn.nu\/index.php\/wp-json\/wp\/v2\/comments?post=224"}],"version-history":[{"count":0,"href":"http:\/\/bilder.ngn.nu\/index.php\/wp-json\/wp\/v2\/posts\/224\/revisions"}],"wp:attachment":[{"href":"http:\/\/bilder.ngn.nu\/index.php\/wp-json\/wp\/v2\/media?parent=224"}],"wp:term":[{"taxonomy":"category","embeddable":true,"href":"http:\/\/bilder.ngn.nu\/index.php\/wp-json\/wp\/v2\/categories?post=224"},{"taxonomy":"post_tag","embeddable":true,"href":"http:\/\/bilder.ngn.nu\/index.php\/wp-json\/wp\/v2\/tags?post=224"}],"curies":[{"name":"wp","href":"https:\/\/api.w.org\/{rel}","templated":true}]}}