{"id":226,"date":"2008-07-04T18:45:56","date_gmt":"2008-07-04T16:45:56","guid":{"rendered":"http:\/\/bilder.ngn.nu\/?p=226"},"modified":"2009-06-08T20:16:48","modified_gmt":"2009-06-08T18:16:48","slug":"spindlar","status":"publish","type":"post","link":"http:\/\/bilder.ngn.nu\/index.php\/2008\/07\/04\/spindlar\/","title":{"rendered":"Spindlar"},"content":{"rendered":"<table style=\"width: 800px;\" border=\"0\">\n<tbody>\n<tr>\n<td>\n<div id=\"ngn_bild_rubrik\"><span style=\"font-weight: bold; font-family: Helvetica,Arial,sans-serif;\">Hornlocke <\/span><span style=\"font-family: Helvetica,Arial,sans-serif;\">(<span style=\"font-style: italic;\">Phalangium opillio<\/span><\/span><span style=\"font-family: Helvetica,Arial,sans-serif;\">)<\/span><\/div>\n<\/td>\n<\/tr>\n<tr>\n<td>\n<div id=\"ngn_bild_text_above\">Sund att jag inte hade mitt &#8217;riktiga&#8217; makroobjektiv n\u00e4r jag fick den h\u00e4r framf\u00f6r linserna. Men det blev relativt OK \u00e4nd\u00e5.<\/div>\n<\/td>\n<\/tr>\n<tr>\n<td align=\"center\"><img style=\"width: 800px; height: 587px;\" title=\"Hornlocke (Phalangium opillio)\" src=\"http:\/\/ngn.nu\/Bilder3\/080704_DSC01045_Spindel_w800.JPG\" alt=\"Hornlocke (Phalangium opillio)\" \/><\/td>\n<\/tr>\n<tr>\n<td style=\"font-style: italic; font-size: 80%;\" align=\"left\">\n<div id=\"EXIF\">080704 Klockan: 17:34 Br\u00e4nnvidd: 300.0 mm [450 mm] ISO: 400 Slutare: 1\/500 Bl\u00e4ndare: F6.3<br \/>\nKamera: SONY DSLR-A100 Objektiv: 75-300 [35mm: 112,5-450]<\/div>\n<\/td>\n<\/tr>\n<tr>\n<td align=\"left\">\n<div id=\"ngn_bild_text\"><\/div>\n<\/td>\n<\/tr>\n<tr>\n<td>\n<div id=\"ngn_bild_rubrik\"><span style=\"font-weight: bold; font-family: Helvetica,Arial,sans-serif;\">\u00c4ngsvargsspindel <\/span><span style=\"font-family: Helvetica,Arial,sans-serif;\">(<span style=\"font-style: italic;\">Pardosa amentata<\/span><\/span><span style=\"font-family: Helvetica,Arial,sans-serif;\">)<\/span><\/div>\n<\/td>\n<\/tr>\n<tr>\n<td>\n<div id=\"ngn_bild_text_above\">Samma h\u00e4r. \u00d6nskar betydligt b\u00e4ttre sk\u00e4rpa<\/div>\n<\/td>\n<\/tr>\n<tr>\n<td><img style=\"width: 800px; height: 588px;\" title=\"\u00c4ngsvargsspindel (Pardosa amentata)\" src=\"http:\/\/ngn.nu\/Bilder3\/080704_DSC01062_Spindel_w800.JPG\" alt=\"\u00c4ngsvargsspindel (Pardosa amentata)\" \/><\/td>\n<\/tr>\n<tr style=\"font-style: italic;\">\n<td>\n<div id=\"EXIF\"><small>080704 Klockan: 17:39 Br\u00e4nnvidd: 300.0 mm [450 mm] ISO: 250 Slutare: 1\/500 Bl\u00e4ndare: F6.3<br \/>\nKamera: SONY DSLR-A100 Objektiv: 75-300 [35mm: 112,5-450]<\/small><\/div>\n<\/td>\n<\/tr>\n<tr>\n<td>\n<div id=\"ngn_bild_text\"><\/div>\n<\/td>\n<\/tr>\n<tr>\n<td>\n<div id=\"ngn_bild_rubrik\"><span style=\"font-weight: bold; font-family: Helvetica,Arial,sans-serif;\">Sannolikt en Vanlig l\u00e5ngbenslocke <\/span><span style=\"font-family: Helvetica,Arial,sans-serif;\">(<span style=\"font-style: italic;\">Leiobonum rotundum<\/span><\/span><span style=\"font-family: Helvetica,Arial,sans-serif;\">)<\/span><\/div>\n<\/td>\n<\/tr>\n<tr>\n<td>\n<div id=\"ngn_bild_text_above\">Spindel (Familj: <span style=\"font-style: italic;\">Phalangiidae<\/span>)<\/div>\n<\/td>\n<\/tr>\n<tr>\n<td><img style=\"width: 800px; height: 770px;\" title=\"Sannolikt en Vanlig l\u00e5ngbenslocke (Leiobonum rotundum)\" src=\"http:\/\/ngn.nu\/Bilder3\/080704_DSC01143_Spindel_Kompr94_w800.JPG\" alt=\"Sannolikt en Vanlig l\u00e5ngbenslocke (Leiobonum rotundum)\" \/><\/td>\n<\/tr>\n<tr style=\"font-style: italic;\">\n<td>\n<div id=\"EXIF\"><small>080704 Klockan: 19:23 Br\u00e4nnvidd: 105.0 mm [157 mm] ISO: 100 Slutare: 1\/160 Bl\u00e4ndare: F4.0<br \/>\nKamera: SONY DSLR-A100 Objektiv: Sigma 105 [35mm: 157] makro<\/small><\/div>\n<\/td>\n<\/tr>\n<tr>\n<td>\n<div id=\"ngn_bild_text\">Spindeln ovan var skitsv\u00e5r att f\u00e5 p\u00e5 bild den r\u00f6rde sig hela tiden. S\u00e5 jag f\u00e5r nog tycka att det \u00e4r inte s\u00e5 illa att ha f\u00e5tt en s\u00e5 h\u00e4r pass bra bild.<br \/>\nTr\u00e5kigt bara att jag inte \u00e4r riktigt s\u00e4ker p\u00e5 vad \u00e4r f\u00f6r art p\u00e5 denna lockespindel (<span style=\"font-style: italic;\">Phalangiidae<\/span>)<\/div>\n<\/td>\n<\/tr>\n<\/tbody>\n<\/table>\n","protected":false},"excerpt":{"rendered":"<p>Hornlocke (Phalangium opillio) Sund att jag inte hade mitt &#8217;riktiga&#8217; makroobjektiv n\u00e4r jag fick den h\u00e4r framf\u00f6r linserna. Men det blev relativt OK \u00e4nd\u00e5. 080704 Klockan: 17:34 Br\u00e4nnvidd: 300.0 mm [450 mm] ISO: 400 Slutare: 1\/500 Bl\u00e4ndare: F6.3 Kamera: SONY DSLR-A100 Objektiv: 75-300 [35mm: 112,5-450] \u00c4ngsvargsspindel (Pardosa amentata) Samma h\u00e4r. \u00d6nskar betydligt b\u00e4ttre sk\u00e4rpa 080704 [&hellip;]<\/p>\n","protected":false},"author":1,"featured_media":0,"comment_status":"open","ping_status":"open","sticky":false,"template":"","format":"standard","meta":[],"categories":[281,279,280,260],"tags":[284],"_links":{"self":[{"href":"http:\/\/bilder.ngn.nu\/index.php\/wp-json\/wp\/v2\/posts\/226"}],"collection":[{"href":"http:\/\/bilder.ngn.nu\/index.php\/wp-json\/wp\/v2\/posts"}],"about":[{"href":"http:\/\/bilder.ngn.nu\/index.php\/wp-json\/wp\/v2\/types\/post"}],"author":[{"embeddable":true,"href":"http:\/\/bilder.ngn.nu\/index.php\/wp-json\/wp\/v2\/users\/1"}],"replies":[{"embeddable":true,"href":"http:\/\/bilder.ngn.nu\/index.php\/wp-json\/wp\/v2\/comments?post=226"}],"version-history":[{"count":0,"href":"http:\/\/bilder.ngn.nu\/index.php\/wp-json\/wp\/v2\/posts\/226\/revisions"}],"wp:attachment":[{"href":"http:\/\/bilder.ngn.nu\/index.php\/wp-json\/wp\/v2\/media?parent=226"}],"wp:term":[{"taxonomy":"category","embeddable":true,"href":"http:\/\/bilder.ngn.nu\/index.php\/wp-json\/wp\/v2\/categories?post=226"},{"taxonomy":"post_tag","embeddable":true,"href":"http:\/\/bilder.ngn.nu\/index.php\/wp-json\/wp\/v2\/tags?post=226"}],"curies":[{"name":"wp","href":"https:\/\/api.w.org\/{rel}","templated":true}]}}