{"id":227,"date":"2008-07-04T18:50:24","date_gmt":"2008-07-04T16:50:24","guid":{"rendered":"http:\/\/bilder.ngn.nu\/?p=227"},"modified":"2009-06-08T20:16:04","modified_gmt":"2009-06-08T18:16:04","slug":"kopparodlor-4","status":"publish","type":"post","link":"http:\/\/bilder.ngn.nu\/index.php\/2008\/07\/04\/kopparodlor-4\/","title":{"rendered":"Koppar\u00f6dlor"},"content":{"rendered":"<table style=\"width: 800px;\" border=\"0\">\n<tbody>\n<tr>\n<td>\n<div id=\"ngn_bild_rubrik\"><span style=\"font-weight: bold; font-family: Helvetica,Arial,sans-serif;\">Koppar\u00f6dlor <\/span><span style=\"font-family: Helvetica,Arial,sans-serif;\">(<\/span><span style=\"font-style: italic; font-family: Times New Roman,Times,serif;\">Anguis fragilis<\/span><span style=\"font-family: Helvetica,Arial,sans-serif;\">)<\/span><\/div>\n<\/td>\n<\/tr>\n<tr>\n<td>\n<div id=\"ngn_bild_text_above\">Tv\u00e5 stycken som st\u00e4llde upp p\u00e5 bildtagning.<\/div>\n<\/td>\n<\/tr>\n<tr>\n<td align=\"center\"><img style=\"width: 800px; height: 567px;\" title=\"Koppar\u00f6dlor (Anguis fragilis)\" src=\"http:\/\/ngn.nu\/Bilder3\/080704_DSC01859_Kopparoedlor_w800.JPG\" alt=\"Koppar\u00f6dlor (Anguis fragilis)\" \/><\/td>\n<\/tr>\n<tr>\n<td style=\"font-style: italic; font-size: 80%;\" align=\"left\">\n<div id=\"EXIF\">Stora bilden:<br \/>\n080704 Klockan: 13:11 Br\u00e4nnvidd: 6.3 mm [38] ISO: 125 Slutare: 1\/40 Bl\u00e4ndare: F2.8<br \/>\nKamera: SONY CyberShot DSC-W55 Objektiv: 6,3-18,9 [35mm: 38-114]<br \/>\nInf\u00e4llda bilden:<br \/>\n080704 Klockan: 13:11 Br\u00e4nnvidd: 6.3 mm [38] ISO: 125 Slutare: 1\/40 Bl\u00e4ndare: F2.8<br \/>\nKamera: SONY CyberShot DSC-W55 Objektiv: 6,3-18,9 [35mm: 38-114]<\/div>\n<\/td>\n<\/tr>\n<tr>\n<td align=\"left\">\n<div id=\"ngn_bild_text\">Dessa fann jag under det jag kallar \u00d6verby pl\u00e5t 02.<br \/>\nUnder pl\u00e5t 04, samma st\u00e4lle, fann jag 3 stycken Koppar\u00f6dlor, varav en var en riktigt kraftig bit. Men solen smet emellan och skuggorna fr\u00e5n min kropp gjorde att kontrasterna blev f\u00f6r mycket f\u00f6r min digitala kompaktkamera. Bilderna blev inge bra.<\/div>\n<\/td>\n<\/tr>\n<\/tbody>\n<\/table>\n","protected":false},"excerpt":{"rendered":"<p>Koppar\u00f6dlor (Anguis fragilis) Tv\u00e5 stycken som st\u00e4llde upp p\u00e5 bildtagning. Stora bilden: 080704 Klockan: 13:11 Br\u00e4nnvidd: 6.3 mm [38] ISO: 125 Slutare: 1\/40 Bl\u00e4ndare: F2.8 Kamera: SONY CyberShot DSC-W55 Objektiv: 6,3-18,9 [35mm: 38-114] Inf\u00e4llda bilden: 080704 Klockan: 13:11 Br\u00e4nnvidd: 6.3 mm [38] ISO: 125 Slutare: 1\/40 Bl\u00e4ndare: F2.8 Kamera: SONY CyberShot DSC-W55 Objektiv: 6,3-18,9 [35mm: [&hellip;]<\/p>\n","protected":false},"author":1,"featured_media":0,"comment_status":"open","ping_status":"open","sticky":false,"template":"","format":"standard","meta":[],"categories":[41],"tags":[134],"_links":{"self":[{"href":"http:\/\/bilder.ngn.nu\/index.php\/wp-json\/wp\/v2\/posts\/227"}],"collection":[{"href":"http:\/\/bilder.ngn.nu\/index.php\/wp-json\/wp\/v2\/posts"}],"about":[{"href":"http:\/\/bilder.ngn.nu\/index.php\/wp-json\/wp\/v2\/types\/post"}],"author":[{"embeddable":true,"href":"http:\/\/bilder.ngn.nu\/index.php\/wp-json\/wp\/v2\/users\/1"}],"replies":[{"embeddable":true,"href":"http:\/\/bilder.ngn.nu\/index.php\/wp-json\/wp\/v2\/comments?post=227"}],"version-history":[{"count":0,"href":"http:\/\/bilder.ngn.nu\/index.php\/wp-json\/wp\/v2\/posts\/227\/revisions"}],"wp:attachment":[{"href":"http:\/\/bilder.ngn.nu\/index.php\/wp-json\/wp\/v2\/media?parent=227"}],"wp:term":[{"taxonomy":"category","embeddable":true,"href":"http:\/\/bilder.ngn.nu\/index.php\/wp-json\/wp\/v2\/categories?post=227"},{"taxonomy":"post_tag","embeddable":true,"href":"http:\/\/bilder.ngn.nu\/index.php\/wp-json\/wp\/v2\/tags?post=227"}],"curies":[{"name":"wp","href":"https:\/\/api.w.org\/{rel}","templated":true}]}}