{"id":240,"date":"2008-07-05T13:37:14","date_gmt":"2008-07-05T11:37:14","guid":{"rendered":"http:\/\/bilder.ngn.nu\/?p=240"},"modified":"2009-06-08T19:51:52","modified_gmt":"2009-06-08T17:51:52","slug":"krabba","status":"publish","type":"post","link":"http:\/\/bilder.ngn.nu\/index.php\/2008\/07\/05\/krabba\/","title":{"rendered":"Krabba"},"content":{"rendered":"<table style=\"width: 800px;\" border=\"0\">\n<tbody>\n<tr>\n<td>\n<div id=\"ngn_bild_rubrik\"><span style=\"font-weight: bold; font-family: Helvetica,Arial,sans-serif;\">Strandkrabba<\/span><span style=\"font-family: Helvetica,Arial,sans-serif;\"><span style=\"font-family: Times New Roman,Times,serif;\"> (<span style=\"font-style: italic;\">Carcinus maenas<\/span>)<\/span><\/span><\/div>\n<\/td>\n<\/tr>\n<tr>\n<td>\n<div id=\"ngn_bild_text_above\">Jag satt en stund vid strandkanten (en annan \u00e4n den p\u00e5 f\u00f6reg\u00e5ende bild) och bara tittade ned i botten och nj\u00f6t. Vad vackert det \u00e4r. Och vad mycket det finns som r\u00f6r sig d\u00e4r.<br \/>\nDet fanns t\u00e5ngr\u00e4kor h\u00e4r ocks\u00e5. Jag fick en kanonbild p\u00e5 en men s\u00e5 var det n\u00e5got suddigt mojs n\u00e4ra r\u00e4kans rygg som st\u00f6rde.<br \/>\nL\u00e4nge satt jag och tog bilder p\u00e5 tv\u00e5 krabbor som slogs om n\u00e5got p\u00e5 en t\u00e5ngv\u00e4xt (t\u00e5ng \u00e4r egentligen ingen v\u00e4xt).<br \/>\nDet var n\u00e5got lite till v\u00e4nster som drog till sig min uppm\u00e4rksamhet. Den h\u00e4r krabban kikade in och ut. Och jag \u00e4r ganska s\u00e4ker p\u00e5 att den hade koll p\u00e5 att jag satt d\u00e4r. Eller i alla fall att det var n\u00e5got d\u00e4r som inte brukar vara d\u00e4r.<\/div>\n<\/td>\n<\/tr>\n<tr>\n<td align=\"center\"><img style=\"width: 800px; height: 558px;\" title=\"Strandkrabba (Carcinus maenas)\" src=\"http:\/\/ngn.nu\/Bilder3\/080705_DSC01193_Krabba_Kompr94_w800.JPG\" alt=\"Strandkrabba (Carcinus maenas)\" \/><\/td>\n<\/tr>\n<tr>\n<td style=\"font-style: italic; font-size: 80%;\" align=\"left\">\n<div id=\"EXIF\">080705 Klockan: 13:39 Br\u00e4nnvidd: 105.0 mm [157 mm] ISO: 100 Slutare: 1\/160 Bl\u00e4ndare: F4.5<br \/>\nKamera: SONY DSLR-A100 Objektiv: Sigma 105 [35mm: 157] makro<\/div>\n<\/td>\n<\/tr>\n<tr>\n<td align=\"left\">\n<div id=\"ngn_bild_text\">Jag tycker bilderna blir bra. Med tanke p\u00e5 att de \u00e4r tagna genom vattenytan.<\/div>\n<\/td>\n<\/tr>\n<\/tbody>\n<\/table>\n","protected":false},"excerpt":{"rendered":"<p>Strandkrabba (Carcinus maenas) Jag satt en stund vid strandkanten (en annan \u00e4n den p\u00e5 f\u00f6reg\u00e5ende bild) och bara tittade ned i botten och nj\u00f6t. Vad vackert det \u00e4r. Och vad mycket det finns som r\u00f6r sig d\u00e4r. Det fanns t\u00e5ngr\u00e4kor h\u00e4r ocks\u00e5. Jag fick en kanonbild p\u00e5 en men s\u00e5 var det n\u00e5got suddigt mojs [&hellip;]<\/p>\n","protected":false},"author":1,"featured_media":0,"comment_status":"open","ping_status":"open","sticky":false,"template":"","format":"standard","meta":[],"categories":[292],"tags":[287],"_links":{"self":[{"href":"http:\/\/bilder.ngn.nu\/index.php\/wp-json\/wp\/v2\/posts\/240"}],"collection":[{"href":"http:\/\/bilder.ngn.nu\/index.php\/wp-json\/wp\/v2\/posts"}],"about":[{"href":"http:\/\/bilder.ngn.nu\/index.php\/wp-json\/wp\/v2\/types\/post"}],"author":[{"embeddable":true,"href":"http:\/\/bilder.ngn.nu\/index.php\/wp-json\/wp\/v2\/users\/1"}],"replies":[{"embeddable":true,"href":"http:\/\/bilder.ngn.nu\/index.php\/wp-json\/wp\/v2\/comments?post=240"}],"version-history":[{"count":0,"href":"http:\/\/bilder.ngn.nu\/index.php\/wp-json\/wp\/v2\/posts\/240\/revisions"}],"wp:attachment":[{"href":"http:\/\/bilder.ngn.nu\/index.php\/wp-json\/wp\/v2\/media?parent=240"}],"wp:term":[{"taxonomy":"category","embeddable":true,"href":"http:\/\/bilder.ngn.nu\/index.php\/wp-json\/wp\/v2\/categories?post=240"},{"taxonomy":"post_tag","embeddable":true,"href":"http:\/\/bilder.ngn.nu\/index.php\/wp-json\/wp\/v2\/tags?post=240"}],"curies":[{"name":"wp","href":"https:\/\/api.w.org\/{rel}","templated":true}]}}