{"id":242,"date":"2008-07-09T14:15:20","date_gmt":"2008-07-09T12:15:20","guid":{"rendered":"http:\/\/bilder.ngn.nu\/?p=242"},"modified":"2009-06-08T19:50:32","modified_gmt":"2009-06-08T17:50:32","slug":"kopparodlor-5","status":"publish","type":"post","link":"http:\/\/bilder.ngn.nu\/index.php\/2008\/07\/09\/kopparodlor-5\/","title":{"rendered":"Koppar\u00f6dlor"},"content":{"rendered":"<table style=\"width: 800px;\" border=\"0\">\n<tbody>\n<tr>\n<td>\n<div id=\"ngn_bild_rubrik\"><span style=\"font-weight: bold; font-family: Helvetica,Arial,sans-serif;\">Koppar\u00f6dlor<\/span><span style=\"font-family: Helvetica,Arial,sans-serif;\"><span style=\"font-family: Times New Roman,Times,serif;\"> (<span style=\"font-style: italic;\">Anguis fragilis<\/span>)<\/span><\/span><\/div>\n<\/td>\n<\/tr>\n<tr>\n<td>\n<div id=\"ngn_bild_text\">Jag tycker det \u00e4r extra sp\u00e4nnande att kika under den nyaste pl\u00e5ten (01) uppe p\u00e5 &#8217;h\u00f6jden&#8217;.<\/div>\n<\/td>\n<\/tr>\n<tr>\n<td>\n<div id=\"ngn_bild_text_above\">Idag var d\u00e4r ett kvantitativt bes\u00f6k. Jag kan r\u00e4kan till 9st. Antagligen i \u00e5ldrar fr\u00e5n 10 m\u00e5nader till 3\u00e5r.<br \/>\nInga fullfuxna \u00f6dlor med andra ord.<\/div>\n<\/td>\n<\/tr>\n<tr>\n<td align=\"center\"><img style=\"width: 800px; height: 421px;\" title=\"Koppar\u00f6dlor (Anguis fragilis)\" src=\"http:\/\/ngn.nu\/Bilder3\/080709_DSC01897_Kopparoedlor_w800.JPG\" alt=\"Koppar\u00f6dlor (Anguis fragilis)\" \/><\/td>\n<\/tr>\n<tr>\n<td style=\"font-style: italic; font-size: 80%;\" align=\"left\">\n<div id=\"EXIF\">080709 Klockan: 17:57 Blixt: Ja Br\u00e4nnvidd: 6.3 mm [38] ISO: 100 Slutare: 1\/40 Bl\u00e4ndare: F2.8<br \/>\nKamera: SONY CyberShot DSC-W55 Objektiv: 6,3-18,9 [35mm: 38-114]<\/div>\n<\/td>\n<\/tr>\n<tr>\n<td align=\"left\"><\/td>\n<\/tr>\n<tr>\n<td>\n<div id=\"ngn_bild_rubrik\"><span style=\"font-weight: bold; font-family: Helvetica,Arial,sans-serif;\">Koppar\u00f6dlor<\/span><span style=\"font-family: Helvetica,Arial,sans-serif;\"><span style=\"font-family: Times New Roman,Times,serif;\"> (<span style=\"font-style: italic;\">Anguis fragilis<\/span>)<\/span><\/span><\/div>\n<\/td>\n<\/tr>\n<tr>\n<td>\n<div id=\"ngn_bild_text_above\">Under pl\u00e5t 02 hittade jag 3st.<\/div>\n<\/td>\n<\/tr>\n<tr>\n<td align=\"center\"><img style=\"width: 800px; height: 580px;\" title=\"Koppar\u00f6dlor (Anguis fragilis)\" src=\"http:\/\/ngn.nu\/Bilder3\/080709_DSC01893+1894_Kopparoedlor_w800.JPG\" alt=\"Koppar\u00f6dlor (Anguis fragilis)\" \/><\/td>\n<\/tr>\n<tr>\n<td style=\"font-style: italic; font-size: 80%;\" align=\"left\">\n<div id=\"EXIF\">Stora bilden:<br \/>\n080709 Klockan: 17:55 Blixt: Ja Br\u00e4nnvidd: 6.3 mm [38] ISO: 100 Slutare: 1\/40 Bl\u00e4ndare: F2.8<br \/>\nKamera: SONY CyberShot DSC-W55 Objektiv: 6,3-18,9 [35mm: 38-114]<br \/>\nInf\u00e4llda bilden:<br \/>\n080709 Klockan: 17:55 Br\u00e4nnvidd: 6.3 mm [38] ISO: 100 Slutare: 1\/200 Bl\u00e4ndare: F2.8<br \/>\nKamera: SONY CyberShot DSC-W55 Objektiv: 6,3-18,9 [35mm: 38-114]<\/div>\n<\/td>\n<\/tr>\n<tr>\n<td align=\"left\"><\/td>\n<\/tr>\n<tr>\n<td>\n<div id=\"ngn_bild_rubrik\"><span style=\"font-weight: bold; font-family: Helvetica,Arial,sans-serif;\">Koppar\u00f6dlor<\/span><span style=\"font-family: Helvetica,Arial,sans-serif;\"><span style=\"font-family: Times New Roman,Times,serif;\"> (<span style=\"font-style: italic;\">Anguis fragilis<\/span>)<\/span><\/span><\/div>\n<\/td>\n<\/tr>\n<tr>\n<td>\n<div id=\"ngn_bild_text_above\">Och under pl\u00e5t 03 fann jag 2st.<br \/>\nAnledningen till att de ligger s\u00e5 i kanten beror p\u00e5 att pl\u00e5ten precis nyligen hamnat i lite skugga och \u00e4r d\u00e4rmed r\u00e4tt s\u00e5 het.<\/div>\n<\/td>\n<\/tr>\n<tr>\n<td align=\"center\"><img style=\"width: 800px; height: 623px;\" title=\"Koppar\u00f6dlor (Anguis fragilis)\" src=\"http:\/\/ngn.nu\/Bilder3\/080709_DSC01895_Kopparoedlor_w800.JPG\" alt=\"Koppar\u00f6dlor (Anguis fragilis)\" \/><\/td>\n<\/tr>\n<tr>\n<td style=\"font-style: italic; font-size: 80%;\" align=\"left\">\n<div id=\"EXIF\">080709 Klockan: 17:55 Br\u00e4nnvidd: 6.3 mm [38] ISO: 100 Slutare: 1\/40 Bl\u00e4ndare: F2.8<br \/>\nKamera: SONY CyberShot DSC-W55 Objektiv: 6,3-18,9 [35mm: 38-114]<\/div>\n<\/td>\n<\/tr>\n<tr>\n<td align=\"left\"><\/td>\n<\/tr>\n<\/tbody>\n<\/table>\n","protected":false},"excerpt":{"rendered":"<p>Koppar\u00f6dlor (Anguis fragilis) Jag tycker det \u00e4r extra sp\u00e4nnande att kika under den nyaste pl\u00e5ten (01) uppe p\u00e5 &#8217;h\u00f6jden&#8217;. Idag var d\u00e4r ett kvantitativt bes\u00f6k. Jag kan r\u00e4kan till 9st. Antagligen i \u00e5ldrar fr\u00e5n 10 m\u00e5nader till 3\u00e5r. Inga fullfuxna \u00f6dlor med andra ord. 080709 Klockan: 17:57 Blixt: Ja Br\u00e4nnvidd: 6.3 mm [38] ISO: 100 [&hellip;]<\/p>\n","protected":false},"author":1,"featured_media":0,"comment_status":"open","ping_status":"open","sticky":false,"template":"","format":"standard","meta":[],"categories":[41],"tags":[128,188,187],"_links":{"self":[{"href":"http:\/\/bilder.ngn.nu\/index.php\/wp-json\/wp\/v2\/posts\/242"}],"collection":[{"href":"http:\/\/bilder.ngn.nu\/index.php\/wp-json\/wp\/v2\/posts"}],"about":[{"href":"http:\/\/bilder.ngn.nu\/index.php\/wp-json\/wp\/v2\/types\/post"}],"author":[{"embeddable":true,"href":"http:\/\/bilder.ngn.nu\/index.php\/wp-json\/wp\/v2\/users\/1"}],"replies":[{"embeddable":true,"href":"http:\/\/bilder.ngn.nu\/index.php\/wp-json\/wp\/v2\/comments?post=242"}],"version-history":[{"count":0,"href":"http:\/\/bilder.ngn.nu\/index.php\/wp-json\/wp\/v2\/posts\/242\/revisions"}],"wp:attachment":[{"href":"http:\/\/bilder.ngn.nu\/index.php\/wp-json\/wp\/v2\/media?parent=242"}],"wp:term":[{"taxonomy":"category","embeddable":true,"href":"http:\/\/bilder.ngn.nu\/index.php\/wp-json\/wp\/v2\/categories?post=242"},{"taxonomy":"post_tag","embeddable":true,"href":"http:\/\/bilder.ngn.nu\/index.php\/wp-json\/wp\/v2\/tags?post=242"}],"curies":[{"name":"wp","href":"https:\/\/api.w.org\/{rel}","templated":true}]}}