{"id":247,"date":"2008-07-09T17:43:11","date_gmt":"2008-07-09T15:43:11","guid":{"rendered":"http:\/\/bilder.ngn.nu\/?p=247"},"modified":"2009-06-08T19:45:27","modified_gmt":"2009-06-08T17:45:27","slug":"nyckelpiga-2","status":"publish","type":"post","link":"http:\/\/bilder.ngn.nu\/index.php\/2008\/07\/09\/nyckelpiga-2\/","title":{"rendered":"Nyckelpiga"},"content":{"rendered":"<table style=\"width: 800px;\" border=\"0\">\n<tbody>\n<tr>\n<td>\n<div id=\"ngn_bild_rubrik\"><span style=\"font-weight: bold; font-family: Helvetica,Arial,sans-serif;\">7-prickig Nyckelpiga<\/span><span style=\"font-family: Helvetica,Arial,sans-serif;\"><span style=\"font-family: Times New Roman,Times,serif;\"> (<\/span><\/span><span style=\"font-family: Helvetica,Arial,sans-serif;\"><span style=\"font-style: italic;\">Coccinella septempunctata<\/span><\/span><span style=\"font-family: Helvetica,Arial,sans-serif;\"><span style=\"font-family: Times New Roman,Times,serif;\">)<\/span><\/span><\/div>\n<\/td>\n<\/tr>\n<tr>\n<td>\n<div id=\"ngn_bild_text_above\">Nyckelpigan v\u00e4grade vara still. Den verkade ha v\u00e4ldigt br\u00e5ttom.<\/div>\n<\/td>\n<\/tr>\n<tr>\n<td align=\"center\"><img style=\"width: 800px; height: 643px;\" title=\"7-prickig Nyckelpiga (Coccinella septempunctata)\" src=\"http:\/\/ngn.nu\/Bilder3\/080709_DSC01323_Nyckelpiga_w800.JPG\" alt=\"7-prickig Nyckelpiga (Coccinella septempunctata)\" \/><\/td>\n<\/tr>\n<tr>\n<td style=\"font-style: italic; font-size: 80%;\" align=\"left\">\n<div id=\"EXIF\">080709 Klockan: 15:11 Br\u00e4nnvidd: 105.0 mm [157 mm] ISO: 100 Slutare: 1\/100 Bl\u00e4ndare: F11.0<br \/>\nKamera: SONY DSLR-A100 Objektiv: Sigma 105 [35mm: 157] makro<\/div>\n<\/td>\n<\/tr>\n<tr>\n<td align=\"left\">\n<div id=\"ngn_bild_text\"><\/div>\n<\/td>\n<\/tr>\n<\/tbody>\n<\/table>\n","protected":false},"excerpt":{"rendered":"<p>7-prickig Nyckelpiga (Coccinella septempunctata) Nyckelpigan v\u00e4grade vara still. Den verkade ha v\u00e4ldigt br\u00e5ttom. 080709 Klockan: 15:11 Br\u00e4nnvidd: 105.0 mm [157 mm] ISO: 100 Slutare: 1\/100 Bl\u00e4ndare: F11.0 Kamera: SONY DSLR-A100 Objektiv: Sigma 105 [35mm: 157] makro<\/p>\n","protected":false},"author":1,"featured_media":0,"comment_status":"open","ping_status":"open","sticky":false,"template":"","format":"standard","meta":[],"categories":[282],"tags":[294],"_links":{"self":[{"href":"http:\/\/bilder.ngn.nu\/index.php\/wp-json\/wp\/v2\/posts\/247"}],"collection":[{"href":"http:\/\/bilder.ngn.nu\/index.php\/wp-json\/wp\/v2\/posts"}],"about":[{"href":"http:\/\/bilder.ngn.nu\/index.php\/wp-json\/wp\/v2\/types\/post"}],"author":[{"embeddable":true,"href":"http:\/\/bilder.ngn.nu\/index.php\/wp-json\/wp\/v2\/users\/1"}],"replies":[{"embeddable":true,"href":"http:\/\/bilder.ngn.nu\/index.php\/wp-json\/wp\/v2\/comments?post=247"}],"version-history":[{"count":0,"href":"http:\/\/bilder.ngn.nu\/index.php\/wp-json\/wp\/v2\/posts\/247\/revisions"}],"wp:attachment":[{"href":"http:\/\/bilder.ngn.nu\/index.php\/wp-json\/wp\/v2\/media?parent=247"}],"wp:term":[{"taxonomy":"category","embeddable":true,"href":"http:\/\/bilder.ngn.nu\/index.php\/wp-json\/wp\/v2\/categories?post=247"},{"taxonomy":"post_tag","embeddable":true,"href":"http:\/\/bilder.ngn.nu\/index.php\/wp-json\/wp\/v2\/tags?post=247"}],"curies":[{"name":"wp","href":"https:\/\/api.w.org\/{rel}","templated":true}]}}