{"id":287,"date":"2008-07-14T16:18:37","date_gmt":"2008-07-14T14:18:37","guid":{"rendered":"http:\/\/bilder.ngn.nu\/?p=287"},"modified":"2009-06-08T19:34:58","modified_gmt":"2009-06-08T17:34:58","slug":"kopparodlor-7","status":"publish","type":"post","link":"http:\/\/bilder.ngn.nu\/index.php\/2008\/07\/14\/kopparodlor-7\/","title":{"rendered":"Koppar\u00f6dlor"},"content":{"rendered":"<table style=\"width: 800px;\" border=\"0\">\n<tbody>\n<tr>\n<td>\n<div id=\"ngn_bild_rubrik\"><span style=\"font-weight: bold; font-family: Helvetica,Arial,sans-serif;\">Koppar\u00f6dlor <\/span><span style=\"font-family: Times New Roman,Times,serif;\">(<span style=\"font-style: italic;\">Anguis fragilis<\/span>)<\/span><\/div>\n<\/td>\n<\/tr>\n<tr>\n<td>\n<div id=\"ngn_bild_text_above\">Idag k\u00e4ndes det liksom perfekt. Halvmulet och relativt varmt. Jag t\u00e4nkte: &#8221;Det finns s\u00e4kert mycket koppar\u00f6dlor under pl\u00e5tarna.&#8221;<br \/>\nUnder denna pl\u00e5t hittade jag 7st. En \u00e4r utanf\u00f6r bilden till h\u00f6ger.<\/div>\n<\/td>\n<\/tr>\n<tr>\n<td align=\"center\"><img style=\"width: 800px; height: 527px;\" title=\"Koppar\u00f6dlor (Anguis fragilis)\" src=\"http:\/\/ngn.nu\/Bilder3\/080714_DSC01914_Kopparoedlor_w800.JPG\" alt=\"Koppar\u00f6dlor (Anguis fragilis)\" \/><\/td>\n<\/tr>\n<tr>\n<td style=\"font-style: italic; font-size: 80%;\" align=\"left\">\n<div id=\"EXIF\">080714 Klockan: 15:33 Blixt: Ja Br\u00e4nnvidd: 6.3 mm [38] ISO: 100 Slutare: 1\/60 Bl\u00e4ndare: F2.8<br \/>\nKamera: SONY CyberShot DSC-W55 Objektiv: 6,3-18,9 [35mm: 38-114]<\/div>\n<\/td>\n<\/tr>\n<tr>\n<td align=\"left\">\n<div id=\"ngn_bild_text\">Notera de sv\u00e4rmf\u00e4rdiga svartmyrorna i \u00f6vre h\u00f6gra delen av bilden.<\/div>\n<\/td>\n<\/tr>\n<tr>\n<td>\n<div id=\"ngn_bild_text_above\">H\u00e4r hittade jag tv\u00e5.<\/div>\n<\/td>\n<\/tr>\n<tr>\n<td><img style=\"width: 800px; height: 528px;\" title=\"Koppar\u00f6dlor (Anguis fragilis)\" src=\"http:\/\/ngn.nu\/Bilder3\/080714_DSC01922_Kopparoedlor_w800.JPG\" alt=\"Koppar\u00f6dlor (Anguis fragilis)\" \/><\/td>\n<\/tr>\n<tr style=\"font-style: italic;\">\n<td>\n<div id=\"EXIF\"><small>080714 Klockan: 15:36 Blixt: Ja Br\u00e4nnvidd: 6.3 mm [38] ISO: 100 Slutare: 1\/40 Bl\u00e4ndare: F2.8<br \/>\nKamera: SONY CyberShot DSC-W55 Objektiv: 6,3-18,9 [35mm: 38-114]<\/small><\/div>\n<\/td>\n<\/tr>\n<tr>\n<td><\/td>\n<\/tr>\n<tr>\n<td>\n<div id=\"ngn_bild_text_above\">Och under denna hitta jag tv\u00e5 pyttesm\u00e5.<\/div>\n<\/td>\n<\/tr>\n<tr>\n<td><img style=\"width: 800px; height: 598px;\" title=\"Koppar\u00f6dlor (Anguis fragilis)\" src=\"http:\/\/ngn.nu\/Bilder3\/080714_DSC01926_Kopparoedlor_w800.JPG\" alt=\"Koppar\u00f6dlor (Anguis fragilis)\" \/><\/td>\n<\/tr>\n<tr style=\"font-style: italic;\">\n<td>\n<div id=\"EXIF\"><small>080714 Klockan: 15:37 Blixt: Ja Br\u00e4nnvidd: 6.3 mm [38] ISO: 100 Slutare: 1\/50 Bl\u00e4ndare: F2.8<br \/>\nKamera: SONY CyberShot DSC-W55 Objektiv: 6,3-18,9 [35mm: 38-114]<\/small><\/div>\n<\/td>\n<\/tr>\n<tr>\n<td><\/td>\n<\/tr>\n<tr>\n<td>\n<div id=\"ngn_bild_text_above\">Och under denna pl\u00e5t hittade jag en stor bamsing. Den har varit med p\u00e5 bild f\u00f6rut.<\/div>\n<\/td>\n<\/tr>\n<tr>\n<td><img style=\"width: 800px; height: 561px;\" title=\"Koppar\u00f6dla (Anguis fragilis)\" src=\"http:\/\/ngn.nu\/Bilder3\/080714_DSC01928_Kopparoedla_w800.JPG\" alt=\"Koppar\u00f6dla (Anguis fragilis)\" \/><\/td>\n<\/tr>\n<tr style=\"font-style: italic;\">\n<td>\n<div id=\"EXIF\"><small>080714 Klockan: 15:37 Blixt: Ja Br\u00e4nnvidd: 6.3 mm [38] ISO: 100 Slutare: 1\/40 Bl\u00e4ndare: F2.8<br \/>\nKamera: SONY CyberShot DSC-W55 Objektiv: 6,3-18,9 [35mm: 38-114]<\/small><\/div>\n<\/td>\n<\/tr>\n<tr>\n<td>\n<div id=\"ngn_bild_text\">Inga koppar\u00f6dlor under de resterande 4. Utan som vanligt, massor med myror.<\/div>\n<\/td>\n<\/tr>\n<\/tbody>\n<\/table>\n","protected":false},"excerpt":{"rendered":"<p>Koppar\u00f6dlor (Anguis fragilis) Idag k\u00e4ndes det liksom perfekt. Halvmulet och relativt varmt. Jag t\u00e4nkte: &#8221;Det finns s\u00e4kert mycket koppar\u00f6dlor under pl\u00e5tarna.&#8221; Under denna pl\u00e5t hittade jag 7st. En \u00e4r utanf\u00f6r bilden till h\u00f6ger. 080714 Klockan: 15:33 Blixt: Ja Br\u00e4nnvidd: 6.3 mm [38] ISO: 100 Slutare: 1\/60 Bl\u00e4ndare: F2.8 Kamera: SONY CyberShot DSC-W55 Objektiv: 6,3-18,9 [35mm: [&hellip;]<\/p>\n","protected":false},"author":1,"featured_media":0,"comment_status":"open","ping_status":"open","sticky":false,"template":"","format":"standard","meta":[],"categories":[41,100],"tags":[70,134,160,159],"_links":{"self":[{"href":"http:\/\/bilder.ngn.nu\/index.php\/wp-json\/wp\/v2\/posts\/287"}],"collection":[{"href":"http:\/\/bilder.ngn.nu\/index.php\/wp-json\/wp\/v2\/posts"}],"about":[{"href":"http:\/\/bilder.ngn.nu\/index.php\/wp-json\/wp\/v2\/types\/post"}],"author":[{"embeddable":true,"href":"http:\/\/bilder.ngn.nu\/index.php\/wp-json\/wp\/v2\/users\/1"}],"replies":[{"embeddable":true,"href":"http:\/\/bilder.ngn.nu\/index.php\/wp-json\/wp\/v2\/comments?post=287"}],"version-history":[{"count":0,"href":"http:\/\/bilder.ngn.nu\/index.php\/wp-json\/wp\/v2\/posts\/287\/revisions"}],"wp:attachment":[{"href":"http:\/\/bilder.ngn.nu\/index.php\/wp-json\/wp\/v2\/media?parent=287"}],"wp:term":[{"taxonomy":"category","embeddable":true,"href":"http:\/\/bilder.ngn.nu\/index.php\/wp-json\/wp\/v2\/categories?post=287"},{"taxonomy":"post_tag","embeddable":true,"href":"http:\/\/bilder.ngn.nu\/index.php\/wp-json\/wp\/v2\/tags?post=287"}],"curies":[{"name":"wp","href":"https:\/\/api.w.org\/{rel}","templated":true}]}}