{"id":288,"date":"2007-03-13T21:29:45","date_gmt":"2007-03-13T19:29:45","guid":{"rendered":"http:\/\/bilder.ngn.nu\/?p=288"},"modified":"2009-06-08T23:09:00","modified_gmt":"2009-06-08T21:09:00","slug":"katten-som-bortskanktes","status":"publish","type":"post","link":"http:\/\/bilder.ngn.nu\/index.php\/2007\/03\/13\/katten-som-bortskanktes\/","title":{"rendered":"Katten som bortsk\u00e4nktes"},"content":{"rendered":"<table style=\"width: 800px;\" border=\"0\">\n<tbody>\n<tr>\n<td>\n<div id=\"ngn_bild_rubrik\"><span style=\"font-weight: bold; font-family: Helvetica,Arial,sans-serif;\">Abbe, RagDoll, tamkatt <\/span><span style=\"font-family: Times New Roman,Times,serif;\">(<\/span><em>Felis catus<\/em><span style=\"font-family: Times New Roman,Times,serif;\">)<\/span><\/div>\n<\/td>\n<\/tr>\n<tr>\n<td>\n<div id=\"ngn_bild_text\">Den h\u00e4r katten har numer ett nytt hem. Bor p\u00e5 lantg\u00e5rd d\u00e4r han trivs utm\u00e4rkt. S\u00e5 h\u00e4r skrev jag n\u00e4r han fortfarande var min:<\/div>\n<\/td>\n<\/tr>\n<tr>\n<td>\n<div id=\"ngn_bild_text\">&#8221;Min katt, Abbe, trivs helt klart inte h\u00e4r hos oss.<\/div>\n<\/td>\n<\/tr>\n<tr>\n<td>\n<div id=\"ngn_bild_text\">Han mjauar och krafsar p\u00e5 kv\u00e4llen\/natten samt p\u00e5 tidigt tidig morgon.<\/div>\n<\/td>\n<\/tr>\n<tr>\n<td>\n<div id=\"ngn_bild_text\">Rasen \u00e4r RagDoll, Bl\u00e5maskad. Kastrerad hankatt. 2 \u00e5r.<\/div>\n<\/td>\n<\/tr>\n<tr>\n<td>\n<div id=\"ngn_bild_text\">Finns du som \u00e4lskar den h\u00e4r typen av katt och som tror sig klara av att ge denna sn\u00e4lla katt tillr\u00e4cklig k\u00e4rlek s\u00e5 att han trivs?<\/div>\n<\/td>\n<\/tr>\n<tr>\n<td>\n<div id=\"ngn_bild_text\">OBS! Absolut inte som utekatt (de kan inte f\u00f6rsvara sig helt enklet). Ordentligt inh\u00e4gnad uteplats \u00e4r OK.<\/div>\n<\/td>\n<\/tr>\n<tr>\n<td>\n<div id=\"ngn_bild_text\">H\u00f6r i s\u00e5 fall av dig genast!&#8221;<\/div>\n<\/td>\n<\/tr>\n<tr>\n<td>\n<div id=\"ngn_bild_text_above\">En av de vackraste katterna vi haft i v\u00e5r familj.<\/div>\n<\/td>\n<\/tr>\n<tr>\n<td style=\"text-align: left;\"><img style=\"width: 400px; height: 300px;\" title=\"Abbe, RagDoll, tamkatt (Felis catus)\" src=\"http:\/\/ngn.nu\/Bilder3\/Abbe_01.jpg\" alt=\"Abbe, RagDoll, tamkatt (Felis catus)\" \/><\/td>\n<\/tr>\n<tr>\n<td style=\"font-style: italic; font-size: 80%;\" align=\"left\"><\/td>\n<\/tr>\n<tr>\n<td align=\"left\"><\/td>\n<\/tr>\n<\/tbody>\n<\/table>\n","protected":false},"excerpt":{"rendered":"<p>Abbe, RagDoll, tamkatt (Felis catus) Den h\u00e4r katten har numer ett nytt hem. Bor p\u00e5 lantg\u00e5rd d\u00e4r han trivs utm\u00e4rkt. S\u00e5 h\u00e4r skrev jag n\u00e4r han fortfarande var min: &#8221;Min katt, Abbe, trivs helt klart inte h\u00e4r hos oss. Han mjauar och krafsar p\u00e5 kv\u00e4llen\/natten samt p\u00e5 tidigt tidig morgon. Rasen \u00e4r RagDoll, Bl\u00e5maskad. Kastrerad [&hellip;]<\/p>\n","protected":false},"author":1,"featured_media":0,"comment_status":"open","ping_status":"open","sticky":false,"template":"","format":"standard","meta":[],"categories":[334],"tags":[243],"_links":{"self":[{"href":"http:\/\/bilder.ngn.nu\/index.php\/wp-json\/wp\/v2\/posts\/288"}],"collection":[{"href":"http:\/\/bilder.ngn.nu\/index.php\/wp-json\/wp\/v2\/posts"}],"about":[{"href":"http:\/\/bilder.ngn.nu\/index.php\/wp-json\/wp\/v2\/types\/post"}],"author":[{"embeddable":true,"href":"http:\/\/bilder.ngn.nu\/index.php\/wp-json\/wp\/v2\/users\/1"}],"replies":[{"embeddable":true,"href":"http:\/\/bilder.ngn.nu\/index.php\/wp-json\/wp\/v2\/comments?post=288"}],"version-history":[{"count":0,"href":"http:\/\/bilder.ngn.nu\/index.php\/wp-json\/wp\/v2\/posts\/288\/revisions"}],"wp:attachment":[{"href":"http:\/\/bilder.ngn.nu\/index.php\/wp-json\/wp\/v2\/media?parent=288"}],"wp:term":[{"taxonomy":"category","embeddable":true,"href":"http:\/\/bilder.ngn.nu\/index.php\/wp-json\/wp\/v2\/categories?post=288"},{"taxonomy":"post_tag","embeddable":true,"href":"http:\/\/bilder.ngn.nu\/index.php\/wp-json\/wp\/v2\/tags?post=288"}],"curies":[{"name":"wp","href":"https:\/\/api.w.org\/{rel}","templated":true}]}}