{"id":295,"date":"2008-07-17T20:38:01","date_gmt":"2008-07-17T18:38:01","guid":{"rendered":"http:\/\/bilder.ngn.nu\/?p=295"},"modified":"2009-06-08T19:30:23","modified_gmt":"2009-06-08T17:30:23","slug":"nyckelpiga-3","status":"publish","type":"post","link":"http:\/\/bilder.ngn.nu\/index.php\/2008\/07\/17\/nyckelpiga-3\/","title":{"rendered":"Nyckelpiga"},"content":{"rendered":"<table style=\"width: 800px;\" border=\"0\">\n<tbody>\n<tr>\n<td>\n<div id=\"ngn_bild_rubrik\"><span style=\"font-weight: bold; font-family: Helvetica,Arial,sans-serif;\">7-prickig Nyckelpiga <\/span><span style=\"font-family: Times New Roman,Times,serif;\">(<span style=\"font-style: italic;\">Coccinella septempunctata<\/span>)<\/span><\/div>\n<\/td>\n<\/tr>\n<tr>\n<td>\n<div id=\"ngn_bild_text_above\">Jag satt mig i skuggan bland stenarna vid kanalkanten (Karls Grav). Jag m\u00e5ste s\u00e4tta mig emellan\u00e5t och vila f\u00f6r att orka.<br \/>\nInte en g\u00e5ng har det uteblivit n\u00e5gon h\u00e4ndelse som naturen bjuder p\u00e5.<br \/>\nSom denna 7-prickiga Nyckelpiga. Den kr\u00f6p upp p\u00e5 en v\u00e4xt och satte sig och liksom kikade p\u00e5 mig. Synd att jag inte hade makroobjektivet med mig.<br \/>\nMen det var lika bra det f\u00f6r i n\u00e4sta bildinl\u00e4gg beh\u00f6vde jag detta tele-zoom-objektiv (70-300).<\/div>\n<\/td>\n<\/tr>\n<tr>\n<td align=\"center\"><img style=\"width: 800px; height: 576px;\" title=\"7-prickig Nyckelpiga (Coccinella septempunctata)\" src=\"http:\/\/ngn.nu\/Bilder3\/080717_DSC01724_Nyckelpiga_w800.JPG\" alt=\"7-prickig Nyckelpiga (Coccinella septempunctata)\" \/><\/td>\n<\/tr>\n<tr>\n<td style=\"font-style: italic; font-size: 80%;\" align=\"left\">\n<div id=\"EXIF\">080717 Klockan: 10:42 Br\u00e4nnvidd: 300.0 mm [450 mm] ISO: 125 Slutare: 1\/500 Bl\u00e4ndare: F6.3<br \/>\nKamera: SONY DSLR-A100 Objektiv: 75-300 [35mm: 112,5-450]<\/div>\n<\/td>\n<\/tr>\n<tr>\n<td align=\"left\">\n<div id=\"ngn_bild_text\"><\/div>\n<\/td>\n<\/tr>\n<\/tbody>\n<\/table>\n","protected":false},"excerpt":{"rendered":"<p>7-prickig Nyckelpiga (Coccinella septempunctata) Jag satt mig i skuggan bland stenarna vid kanalkanten (Karls Grav). Jag m\u00e5ste s\u00e4tta mig emellan\u00e5t och vila f\u00f6r att orka. Inte en g\u00e5ng har det uteblivit n\u00e5gon h\u00e4ndelse som naturen bjuder p\u00e5. Som denna 7-prickiga Nyckelpiga. Den kr\u00f6p upp p\u00e5 en v\u00e4xt och satte sig och liksom kikade p\u00e5 mig. [&hellip;]<\/p>\n","protected":false},"author":1,"featured_media":0,"comment_status":"open","ping_status":"open","sticky":false,"template":"","format":"standard","meta":[],"categories":[282],"tags":[131,69],"_links":{"self":[{"href":"http:\/\/bilder.ngn.nu\/index.php\/wp-json\/wp\/v2\/posts\/295"}],"collection":[{"href":"http:\/\/bilder.ngn.nu\/index.php\/wp-json\/wp\/v2\/posts"}],"about":[{"href":"http:\/\/bilder.ngn.nu\/index.php\/wp-json\/wp\/v2\/types\/post"}],"author":[{"embeddable":true,"href":"http:\/\/bilder.ngn.nu\/index.php\/wp-json\/wp\/v2\/users\/1"}],"replies":[{"embeddable":true,"href":"http:\/\/bilder.ngn.nu\/index.php\/wp-json\/wp\/v2\/comments?post=295"}],"version-history":[{"count":0,"href":"http:\/\/bilder.ngn.nu\/index.php\/wp-json\/wp\/v2\/posts\/295\/revisions"}],"wp:attachment":[{"href":"http:\/\/bilder.ngn.nu\/index.php\/wp-json\/wp\/v2\/media?parent=295"}],"wp:term":[{"taxonomy":"category","embeddable":true,"href":"http:\/\/bilder.ngn.nu\/index.php\/wp-json\/wp\/v2\/categories?post=295"},{"taxonomy":"post_tag","embeddable":true,"href":"http:\/\/bilder.ngn.nu\/index.php\/wp-json\/wp\/v2\/tags?post=295"}],"curies":[{"name":"wp","href":"https:\/\/api.w.org\/{rel}","templated":true}]}}