{"id":311,"date":"2008-07-18T12:45:20","date_gmt":"2008-07-18T10:45:20","guid":{"rendered":"http:\/\/bilder.ngn.nu\/?p=311"},"modified":"2009-06-08T19:28:08","modified_gmt":"2009-06-08T17:28:08","slug":"fagel-och-kraftprovet","status":"publish","type":"post","link":"http:\/\/bilder.ngn.nu\/index.php\/2008\/07\/18\/fagel-och-kraftprovet\/","title":{"rendered":"F\u00e5gel och Kraftprovet"},"content":{"rendered":"<table style=\"width: 800px;\" border=\"0\">\n<tbody>\n<tr>\n<td>\n<div id=\"ngn_bild_rubrik\"><span style=\"font-weight: bold; font-family: Helvetica,Arial,sans-serif;\">Kanadag\u00e4ss <\/span><span style=\"font-family: Times New Roman,Times,serif;\">(<span style=\"font-style: italic;\">Branta leuc\u00f3psis<\/span>), kraftprovet <big>och lite annat<\/big><\/span><\/div>\n<\/td>\n<\/tr>\n<tr>\n<td>\n<div id=\"ngn_bild_text_above\">Till h\u00f6ger i bild skympar Trollh\u00e4ttans senaste skrytbygge, en ny gr\u00e4ddhylla kanske? D\u00e4r l\u00e5g Restaurant Gr\u00e4ns\u00e4ter f\u00f6rr.<br \/>\nOch bilden visar ocks\u00e5 den nyligen reparerade och renoverade muren till Fagertstrandsbacken.<br \/>\nKraftprovet, efter n\u00e5gon kilometer, starten gick ca 16:05. Hela kraftprovet \u00e4r p\u00e5 11600m. De vi fr\u00e4mst var d\u00e4r f\u00f6r att gratulera till en fantastisk prestation, vid m\u00e5lg\u00e5ngen, var S&amp;S. Deras tider blev 53:40 respektive 1:00:33.<br \/>\nJag har g\u00e5tt den v\u00e4g de l\u00f6per, en g\u00e5ng, det \u00e4r n\u00e4stan bara upp och ned &#8211; hela tiden!<br \/>\nDe vita pilarna pekar p\u00e5 de b\u00e5da Kenyanska landsm\u00e4nnen Japhet Kipkorir (35:56) och Laban Siro (36:11), de ledde fr\u00e5n start till m\u00e5l.<br \/>\nN\u00e4r jag sprang som b\u00e4st &#8211; och spurtade &#8211; s\u00e5 fort springer de hela tiden.<\/div>\n<\/td>\n<\/tr>\n<tr>\n<td align=\"center\"><img style=\"width: 800px; height: 532px;\" title=\"Kanadag\u00e4ss (Branta leuc\u00f3psis), kraftprovet och lite annat\" src=\"http:\/\/ngn.nu\/Bilder3\/080718_DSC01995_Fagel_Kraftprovet_Nybygge_Fagerstrandsmuren_w800.JPG\" alt=\"Kanadag\u00e4ss (Branta leuc\u00f3psis), kraftprovet och lite annat\" \/><\/td>\n<\/tr>\n<tr>\n<td style=\"font-style: italic; font-size: 80%;\" align=\"left\">\n<div id=\"EXIF\">Stora bilden:<br \/>\n080718 Klockan: 16:07 Br\u00e4nnvidd: 18.9 mm [113] ISO: 100 Slutare: 1\/320 Bl\u00e4ndare: F5.2<br \/>\nKamera: SONY CyberShot DSC-W55 Objektiv: 6,3-18,9 [35mm: 38-114]<br \/>\nInf\u00e4llda bilden:<br \/>\n080718 Klockan: 15:59 Br\u00e4nnvidd: 18.9 mm [113] ISO: 100 Slutare: 1\/200 Bl\u00e4ndare: F5.2<br \/>\nKamera: SONY CyberShot DSC-W55 Objektiv: 6,3-18,9 [35mm: 38-114]<\/div>\n<\/td>\n<\/tr>\n<tr>\n<td align=\"left\">\n<div id=\"ngn_bild_text\">Inf\u00e4llda bilden tog jag f\u00f6r att jag skulle komma ih\u00e5g att notera att jag sett Kanadag\u00e4ss dyka och att de g\u00f6r det i grupp och de verkar samarbeta p\u00e5 n\u00e5got vis. Det s\u00e5g ut som om de jagade n\u00e5got under vattnet.<\/div>\n<\/td>\n<\/tr>\n<\/tbody>\n<\/table>\n","protected":false},"excerpt":{"rendered":"<p>Kanadag\u00e4ss (Branta leuc\u00f3psis), kraftprovet och lite annat Till h\u00f6ger i bild skympar Trollh\u00e4ttans senaste skrytbygge, en ny gr\u00e4ddhylla kanske? D\u00e4r l\u00e5g Restaurant Gr\u00e4ns\u00e4ter f\u00f6rr. Och bilden visar ocks\u00e5 den nyligen reparerade och renoverade muren till Fagertstrandsbacken. Kraftprovet, efter n\u00e5gon kilometer, starten gick ca 16:05. Hela kraftprovet \u00e4r p\u00e5 11600m. De vi fr\u00e4mst var d\u00e4r f\u00f6r [&hellip;]<\/p>\n","protected":false},"author":1,"featured_media":0,"comment_status":"open","ping_status":"open","sticky":false,"template":"","format":"standard","meta":[],"categories":[83,207],"tags":[346],"_links":{"self":[{"href":"http:\/\/bilder.ngn.nu\/index.php\/wp-json\/wp\/v2\/posts\/311"}],"collection":[{"href":"http:\/\/bilder.ngn.nu\/index.php\/wp-json\/wp\/v2\/posts"}],"about":[{"href":"http:\/\/bilder.ngn.nu\/index.php\/wp-json\/wp\/v2\/types\/post"}],"author":[{"embeddable":true,"href":"http:\/\/bilder.ngn.nu\/index.php\/wp-json\/wp\/v2\/users\/1"}],"replies":[{"embeddable":true,"href":"http:\/\/bilder.ngn.nu\/index.php\/wp-json\/wp\/v2\/comments?post=311"}],"version-history":[{"count":0,"href":"http:\/\/bilder.ngn.nu\/index.php\/wp-json\/wp\/v2\/posts\/311\/revisions"}],"wp:attachment":[{"href":"http:\/\/bilder.ngn.nu\/index.php\/wp-json\/wp\/v2\/media?parent=311"}],"wp:term":[{"taxonomy":"category","embeddable":true,"href":"http:\/\/bilder.ngn.nu\/index.php\/wp-json\/wp\/v2\/categories?post=311"},{"taxonomy":"post_tag","embeddable":true,"href":"http:\/\/bilder.ngn.nu\/index.php\/wp-json\/wp\/v2\/tags?post=311"}],"curies":[{"name":"wp","href":"https:\/\/api.w.org\/{rel}","templated":true}]}}