{"id":319,"date":"2008-07-21T19:52:59","date_gmt":"2008-07-21T17:52:59","guid":{"rendered":"http:\/\/bilder.ngn.nu\/?p=319"},"modified":"2009-06-08T19:14:14","modified_gmt":"2009-06-08T17:14:14","slug":"rastplats-borasjon","status":"publish","type":"post","link":"http:\/\/bilder.ngn.nu\/index.php\/2008\/07\/21\/rastplats-borasjon\/","title":{"rendered":"Rastplats Borasj\u00f6n"},"content":{"rendered":"<table style=\"width: 800px;\" border=\"0\">\n<tbody>\n<tr>\n<td>\n<div id=\"ngn_bild_rubrik\"><span style=\"font-weight: bold; font-family: Helvetica,Arial,sans-serif;\">Borasj\u00f6n, Tyskar och Kanadag\u00e4ss <\/span><span style=\"font-family: Times New Roman,Times,serif;\">(<span style=\"font-style: italic;\">Branta<em> <\/em><\/span><\/span><em>leuc\u00f3psis<\/em><span style=\"font-family: Times New Roman,Times,serif;\">)<\/span><\/div>\n<\/td>\n<\/tr>\n<tr>\n<td>\n<div id=\"ngn_bild_text\">Det \u00e4r inte alltid det bjuds p\u00e5 lite sk\u00e5despel och dramatik vid rastplats Borasj\u00f6n vid E20.<\/div>\n<\/td>\n<\/tr>\n<tr>\n<td>\n<div id=\"ngn_bild_text\">Den h\u00e4r g\u00e5ngen var det ett g\u00e4ng Kanadag\u00e4ss och ett par Tyskar&#8230;<\/div>\n<\/td>\n<\/tr>\n<tr>\n<td>\n<div id=\"ngn_bild_text\">De satt d\u00e4r p\u00e5 stenen och tittade p\u00e5 G\u00e4ssen. G\u00e4ssen trodde ju givetvis att de hade n\u00e5got att ge dem.<\/div>\n<\/td>\n<\/tr>\n<tr>\n<td>\n<div id=\"ngn_bild_text_above\">S\u00e5 G\u00e4ssen avancerade och n\u00e4r de kom f\u00f6r n\u00e4ra st\u00e4llde sig b\u00e4gge Tyskarna upp, inte p\u00e5 var sin sten, utan p\u00e5 en och samma och s\u00e5 stod de d\u00e4r och s\u00e5g lite l\u00e4tt f\u00f6rskr\u00e4mda ut.<\/div>\n<\/td>\n<\/tr>\n<tr>\n<td align=\"center\"><img style=\"width: 800px; height: 503px;\" title=\"Borasj\u00f6n, Tyskar och Kanadag\u00e4ss (Branta canadensis)\" src=\"http:\/\/ngn.nu\/Bilder3\/080721_DSC02016_Borasjoen_Kanadaess_w800.JPG\" alt=\"Borasj\u00f6n, Tyskar och Kanadag\u00e4ss (Branta leuc\u00f3psis\" \/><\/td>\n<\/tr>\n<tr>\n<td style=\"font-style: italic; font-size: 80%;\" align=\"left\">\n<div id=\"EXIF\">080721 Klockan: 12:16 Br\u00e4nnvidd: 6.3 mm [38] ISO: 100 Slutare: 1\/160 Bl\u00e4ndare: F7.1<br \/>\nKamera: SONY CyberShot DSC-W55 Objektiv: 6,3-18,9 [35mm: 38-114]<\/div>\n<\/td>\n<\/tr>\n<tr>\n<td align=\"left\">\n<div id=\"ngn_bild_text\">Synd att jag inte fick bild p\u00e5 det men det h\u00e4nde innan jag f\u00e5tt upp kameran&#8230;<\/div>\n<\/td>\n<\/tr>\n<tr>\n<td>\n<div id=\"ngn_bild_rubrik\"><a name=\"Kanadagaess\"><\/a><span style=\"font-weight: bold; font-family: Helvetica,Arial,sans-serif;\">Borasj\u00f6n och Kanadag\u00e4ss <\/span><span style=\"font-family: Times New Roman,Times,serif;\">(<span style=\"font-style: italic;\">Branta <\/span><\/span><em>leuc\u00f3psis<\/em><span style=\"font-family: Times New Roman,Times,serif;\">)<\/span><\/div>\n<\/td>\n<\/tr>\n<tr>\n<td>\n<div id=\"ngn_bild_text\">Sj\u00e4lv repade jag tv\u00e5 stora n\u00e4var f\u00e4rskt gr\u00e4s och gick och satte mig p\u00e5 en sten vid vattenbrynet och h\u00f6ll fram ena handen och kameran i den andra<\/div>\n<\/td>\n<\/tr>\n<tr>\n<td>\n<div id=\"ngn_bild_text_above\">Den mindre, yngre g\u00e5sen i f\u00f6rgrunden p\u00e5 bilden nedan var modig men hade hela tiden tryggheten i att en vuxen vakade \u00f6ver det hela s\u00e5 att inget skumt h\u00e4nde.<br \/>\nSer ni s\u00e5 den \u00f6ppnar n\u00e4bben och s\u00e5 v\u00e4ser den.<\/div>\n<\/td>\n<\/tr>\n<tr>\n<td><img style=\"width: 800px; height: 615px;\" title=\"Borasj\u00f6n och Kanadag\u00e4ss (Branta canadensis)\" src=\"http:\/\/ngn.nu\/Bilder3\/080721_DSC02023_Kanadagaess_w800.JPG\" alt=\"Borasj\u00f6n och Kanadag\u00e4ss (Branta leuc\u00f3psis\" \/><\/td>\n<\/tr>\n<tr style=\"font-style: italic;\">\n<td>\n<div id=\"EXIF\"><small>080721 Klockan: 12:22 Br\u00e4nnvidd: 9.4 mm [56] ISO: 100 Slutare: 1\/160 Bl\u00e4ndare: F9.0<br \/>\nKamera: SONY CyberShot DSC-W55 Objektiv: 6,3-18,9 [35mm: 38-114]<\/small><\/div>\n<\/td>\n<\/tr>\n<tr>\n<td>\n<div id=\"ngn_bild_text\">Inga porblem att f\u00e5 de h\u00e4r att \u00e4ta direkt ur h\u00e4nderna.<\/div>\n<\/td>\n<\/tr>\n<\/tbody>\n<\/table>\n","protected":false},"excerpt":{"rendered":"<p>Borasj\u00f6n, Tyskar och Kanadag\u00e4ss (Branta leuc\u00f3psis) Det \u00e4r inte alltid det bjuds p\u00e5 lite sk\u00e5despel och dramatik vid rastplats Borasj\u00f6n vid E20. Den h\u00e4r g\u00e5ngen var det ett g\u00e4ng Kanadag\u00e4ss och ett par Tyskar&#8230; De satt d\u00e4r p\u00e5 stenen och tittade p\u00e5 G\u00e4ssen. G\u00e4ssen trodde ju givetvis att de hade n\u00e5got att ge dem. S\u00e5 [&hellip;]<\/p>\n","protected":false},"author":1,"featured_media":0,"comment_status":"open","ping_status":"open","sticky":false,"template":"","format":"standard","meta":[],"categories":[83],"tags":[355,354],"_links":{"self":[{"href":"http:\/\/bilder.ngn.nu\/index.php\/wp-json\/wp\/v2\/posts\/319"}],"collection":[{"href":"http:\/\/bilder.ngn.nu\/index.php\/wp-json\/wp\/v2\/posts"}],"about":[{"href":"http:\/\/bilder.ngn.nu\/index.php\/wp-json\/wp\/v2\/types\/post"}],"author":[{"embeddable":true,"href":"http:\/\/bilder.ngn.nu\/index.php\/wp-json\/wp\/v2\/users\/1"}],"replies":[{"embeddable":true,"href":"http:\/\/bilder.ngn.nu\/index.php\/wp-json\/wp\/v2\/comments?post=319"}],"version-history":[{"count":0,"href":"http:\/\/bilder.ngn.nu\/index.php\/wp-json\/wp\/v2\/posts\/319\/revisions"}],"wp:attachment":[{"href":"http:\/\/bilder.ngn.nu\/index.php\/wp-json\/wp\/v2\/media?parent=319"}],"wp:term":[{"taxonomy":"category","embeddable":true,"href":"http:\/\/bilder.ngn.nu\/index.php\/wp-json\/wp\/v2\/categories?post=319"},{"taxonomy":"post_tag","embeddable":true,"href":"http:\/\/bilder.ngn.nu\/index.php\/wp-json\/wp\/v2\/tags?post=319"}],"curies":[{"name":"wp","href":"https:\/\/api.w.org\/{rel}","templated":true}]}}