{"id":321,"date":"2008-07-22T23:34:25","date_gmt":"2008-07-22T21:34:25","guid":{"rendered":"http:\/\/bilder.ngn.nu\/?p=321"},"modified":"2009-06-08T19:13:16","modified_gmt":"2009-06-08T17:13:16","slug":"fagel-4","status":"publish","type":"post","link":"http:\/\/bilder.ngn.nu\/index.php\/2008\/07\/22\/fagel-4\/","title":{"rendered":"F\u00e5gel"},"content":{"rendered":"<table style=\"width: 800px;\" border=\"0\">\n<tbody>\n<tr>\n<td>\n<div id=\"ngn_bild_rubrik\"><span style=\"font-weight: bold; font-family: Helvetica,Arial,sans-serif;\">Bofink <\/span><span style=\"font-family: Times New Roman,Times,serif;\">(<span style=\"font-style: italic;\">Fringilla coelebs<\/span>), hona &amp; hane<\/span><\/div>\n<\/td>\n<\/tr>\n<tr>\n<td>\n<div id=\"ngn_bild_text_above\">De h\u00e4r tv\u00e5 uppvaktade oss ivrigt och var v\u00e4ldigt n\u00e4rg\u00e5ngna. Lite sm\u00e5trevligt n\u00e4r det \u00e4r n\u00e5got annat \u00e4n Pilfinkar eller Gr\u00e5sparvar.<\/div>\n<\/td>\n<\/tr>\n<tr>\n<td align=\"center\"><img style=\"width: 800px; height: 607px;\" title=\"Bofink (Fringilla coelebs), hona &amp; hane\" src=\"http:\/\/ngn.nu\/Bilder3\/080722_DSC01828+1830_Bofink_Kompr94_w800.JPG\" alt=\"Bofink (Fringilla coelebs), hona &amp; hane\" \/><\/td>\n<\/tr>\n<tr>\n<td style=\"font-style: italic; font-size: 80%;\" align=\"left\">\n<div id=\"EXIF\">Stora bilden:<br \/>\n080722 Klockan: 07:52 Br\u00e4nnvidd: 85.0 mm [127 mm] ISO: 100 Slutare: 1\/125 Bl\u00e4ndare: F5.0<br \/>\nKamera: SONY DSLR-A100 Objektiv: 75-300 [35mm: 112,5-450]<br \/>\nInf\u00e4llda bilden:<br \/>\n080722 Klockan: 07:56 Br\u00e4nnvidd: 75.0 mm [112 mm] ISO: 100 Slutare: 1\/125 Bl\u00e4ndare: F5.0<br \/>\nKamera: SONY DSLR-A100 Objektiv: 75-300 [35mm: 112,5-450]<\/div>\n<\/td>\n<\/tr>\n<tr>\n<td align=\"left\">\n<div id=\"ngn_bild_text\">Ocks\u00e5 vid stugan p\u00e5 Engesbergs Kamping utanf\u00f6r G\u00e4vle<\/div>\n<\/td>\n<\/tr>\n<\/tbody>\n<\/table>\n","protected":false},"excerpt":{"rendered":"<p>Bofink (Fringilla coelebs), hona &amp; hane De h\u00e4r tv\u00e5 uppvaktade oss ivrigt och var v\u00e4ldigt n\u00e4rg\u00e5ngna. Lite sm\u00e5trevligt n\u00e4r det \u00e4r n\u00e5got annat \u00e4n Pilfinkar eller Gr\u00e5sparvar. Stora bilden: 080722 Klockan: 07:52 Br\u00e4nnvidd: 85.0 mm [127 mm] ISO: 100 Slutare: 1\/125 Bl\u00e4ndare: F5.0 Kamera: SONY DSLR-A100 Objektiv: 75-300 [35mm: 112,5-450] Inf\u00e4llda bilden: 080722 Klockan: 07:56 [&hellip;]<\/p>\n","protected":false},"author":1,"featured_media":0,"comment_status":"open","ping_status":"open","sticky":false,"template":"","format":"standard","meta":[],"categories":[359],"tags":[357,358],"_links":{"self":[{"href":"http:\/\/bilder.ngn.nu\/index.php\/wp-json\/wp\/v2\/posts\/321"}],"collection":[{"href":"http:\/\/bilder.ngn.nu\/index.php\/wp-json\/wp\/v2\/posts"}],"about":[{"href":"http:\/\/bilder.ngn.nu\/index.php\/wp-json\/wp\/v2\/types\/post"}],"author":[{"embeddable":true,"href":"http:\/\/bilder.ngn.nu\/index.php\/wp-json\/wp\/v2\/users\/1"}],"replies":[{"embeddable":true,"href":"http:\/\/bilder.ngn.nu\/index.php\/wp-json\/wp\/v2\/comments?post=321"}],"version-history":[{"count":0,"href":"http:\/\/bilder.ngn.nu\/index.php\/wp-json\/wp\/v2\/posts\/321\/revisions"}],"wp:attachment":[{"href":"http:\/\/bilder.ngn.nu\/index.php\/wp-json\/wp\/v2\/media?parent=321"}],"wp:term":[{"taxonomy":"category","embeddable":true,"href":"http:\/\/bilder.ngn.nu\/index.php\/wp-json\/wp\/v2\/categories?post=321"},{"taxonomy":"post_tag","embeddable":true,"href":"http:\/\/bilder.ngn.nu\/index.php\/wp-json\/wp\/v2\/tags?post=321"}],"curies":[{"name":"wp","href":"https:\/\/api.w.org\/{rel}","templated":true}]}}