{"id":322,"date":"2008-07-22T23:35:48","date_gmt":"2008-07-22T21:35:48","guid":{"rendered":"http:\/\/bilder.ngn.nu\/?p=322"},"modified":"2009-06-08T19:12:52","modified_gmt":"2009-06-08T17:12:52","slug":"flugor-5","status":"publish","type":"post","link":"http:\/\/bilder.ngn.nu\/index.php\/2008\/07\/22\/flugor-5\/","title":{"rendered":"Flugor"},"content":{"rendered":"<table style=\"width: 800px;\" border=\"0\">\n<tbody>\n<tr>\n<td>\n<div id=\"ngn_bild_rubrik\"><span style=\"font-weight: bold; font-family: Helvetica,Arial,sans-serif;\">Brokig humleblomfluga <\/span><span style=\"font-family: Times New Roman,Times,serif;\">(<span style=\"font-style: italic;\">Volucella bombulans<\/span>)<\/span><\/div>\n<\/td>\n<\/tr>\n<tr>\n<td>\n<div id=\"ngn_bild_text_above\">Vid en stuga p\u00e5 Engesbergs Kamping, utanf\u00f6r G\u00e4vle. En bit bort fr\u00e5n stugan, ett litet stenr\u00f6se. D\u00e4r satte sig den h\u00e4r. F\u00f6rsta g\u00e5ngen jag f\u00e5r en s\u00e5dan framf\u00f6r kameran.<\/div>\n<\/td>\n<\/tr>\n<tr>\n<td align=\"center\"><img style=\"width: 800px; height: 616px;\" title=\"Brokig humleblomfluga (Volucella bombulans)\" src=\"http:\/\/ngn.nu\/Bilder3\/080722_DSC01811_Brokig_Humleblomfluga_w800.JPG\" alt=\"Brokig humleblomfluga (Volucella bombulans)\" \/><\/td>\n<\/tr>\n<tr>\n<td style=\"font-style: italic; font-size: 80%;\" align=\"left\">\n<div id=\"EXIF\">080722 Klockan: 07:38 Br\u00e4nnvidd: 300.0 mm [450 mm] ISO: 200 Slutare: 1\/500 Bl\u00e4ndare: F5.6<br \/>\nKamera: SONY DSLR-A100 Objektiv: 75-300 [35mm: 112,5-450]<\/div>\n<\/td>\n<\/tr>\n<tr>\n<td align=\"left\"><\/td>\n<\/tr>\n<tr>\n<td>\n<div id=\"ngn_bild_rubrik\"><span style=\"font-weight: bold; font-family: Helvetica,Arial,sans-serif;\">Bl\u00e5 spyfluga <\/span><span style=\"font-family: Times New Roman,Times,serif;\">(<span style=\"font-style: italic;\">Calliphora vomitoria<\/span>)<\/span><\/div>\n<\/td>\n<\/tr>\n<tr>\n<td>\n<div id=\"ngn_bild_text_above\">Den h\u00e4r satte sig p\u00e5 stugd\u00f6rren. Den \u00e4r jag mer van vid.<\/div>\n<\/td>\n<\/tr>\n<tr>\n<td><img style=\"width: 800px; height: 595px;\" title=\"Bl\u00e5 spyfluga (Calliphora vomitoria)\" src=\"http:\/\/ngn.nu\/Bilder3\/080722_DSC01839_Blue_Spyfluga_komp94_w800.JPG\" alt=\"Bl\u00e5 spyfluga (Calliphora vomitoria)\" \/><\/td>\n<\/tr>\n<tr style=\"font-style: italic;\">\n<td>\n<div id=\"EXIF\"><small>080722 Klockan: 08:02 Br\u00e4nnvidd: 300.0 mm [450 mm] ISO: 100 Slutare: 1\/500 Bl\u00e4ndare: F6.3<br \/>\nKamera: SONY DSLR-A100 Objektiv: 75-300 [35mm: 112,5-450]<\/small><\/div>\n<\/td>\n<\/tr>\n<tr>\n<td><\/td>\n<\/tr>\n<\/tbody>\n<\/table>\n","protected":false},"excerpt":{"rendered":"<p>Brokig humleblomfluga (Volucella bombulans) Vid en stuga p\u00e5 Engesbergs Kamping, utanf\u00f6r G\u00e4vle. En bit bort fr\u00e5n stugan, ett litet stenr\u00f6se. D\u00e4r satte sig den h\u00e4r. F\u00f6rsta g\u00e5ngen jag f\u00e5r en s\u00e5dan framf\u00f6r kameran. 080722 Klockan: 07:38 Br\u00e4nnvidd: 300.0 mm [450 mm] ISO: 200 Slutare: 1\/500 Bl\u00e4ndare: F5.6 Kamera: SONY DSLR-A100 Objektiv: 75-300 [35mm: 112,5-450] Bl\u00e5 [&hellip;]<\/p>\n","protected":false},"author":1,"featured_media":0,"comment_status":"open","ping_status":"open","sticky":false,"template":"","format":"standard","meta":[],"categories":[337,360],"tags":[357,358],"_links":{"self":[{"href":"http:\/\/bilder.ngn.nu\/index.php\/wp-json\/wp\/v2\/posts\/322"}],"collection":[{"href":"http:\/\/bilder.ngn.nu\/index.php\/wp-json\/wp\/v2\/posts"}],"about":[{"href":"http:\/\/bilder.ngn.nu\/index.php\/wp-json\/wp\/v2\/types\/post"}],"author":[{"embeddable":true,"href":"http:\/\/bilder.ngn.nu\/index.php\/wp-json\/wp\/v2\/users\/1"}],"replies":[{"embeddable":true,"href":"http:\/\/bilder.ngn.nu\/index.php\/wp-json\/wp\/v2\/comments?post=322"}],"version-history":[{"count":0,"href":"http:\/\/bilder.ngn.nu\/index.php\/wp-json\/wp\/v2\/posts\/322\/revisions"}],"wp:attachment":[{"href":"http:\/\/bilder.ngn.nu\/index.php\/wp-json\/wp\/v2\/media?parent=322"}],"wp:term":[{"taxonomy":"category","embeddable":true,"href":"http:\/\/bilder.ngn.nu\/index.php\/wp-json\/wp\/v2\/categories?post=322"},{"taxonomy":"post_tag","embeddable":true,"href":"http:\/\/bilder.ngn.nu\/index.php\/wp-json\/wp\/v2\/tags?post=322"}],"curies":[{"name":"wp","href":"https:\/\/api.w.org\/{rel}","templated":true}]}}