{"id":327,"date":"2008-07-23T09:06:16","date_gmt":"2008-07-23T07:06:16","guid":{"rendered":"http:\/\/bilder.ngn.nu\/?p=327"},"modified":"2009-06-08T19:10:35","modified_gmt":"2009-06-08T17:10:35","slug":"fagel-5","status":"publish","type":"post","link":"http:\/\/bilder.ngn.nu\/index.php\/2008\/07\/23\/fagel-5\/","title":{"rendered":"F\u00e5gel"},"content":{"rendered":"<table style=\"width: 800px;\" border=\"0\">\n<tbody>\n<tr>\n<td>\n<div id=\"ngn_bild_rubrik\"><span style=\"font-weight: bold; font-family: Helvetica,Arial,sans-serif;\">Fasan <\/span><span style=\"font-family: Times New Roman,Times,serif;\">(<span style=\"font-style: italic;\">Phasianus colchicus<\/span>) H\u00f6na med ungar<\/span><\/div>\n<\/td>\n<\/tr>\n<tr>\n<td>\n<div id=\"ngn_bild_text_above\">Stuga 7, Engesbergs Kamping, utanf\u00f6r G\u00e4vle.<br \/>\nVi sitter ute p\u00e5 verandan. Kameran har jag liggandes laddad p\u00e5 frukostbordet.<br \/>\nBorta p\u00e5 steng\u00e4rdsg\u00e5rden ser jag n\u00e5got som r\u00f6r sig. Upp med kameran.<\/div>\n<\/td>\n<\/tr>\n<tr>\n<td align=\"center\"><img style=\"width: 800px; height: 616px;\" title=\"Fasan (Phasianus colchicus) H\u00f6na med kycklingar\" src=\"http:\/\/ngn.nu\/Bilder3\/080723_DSC01845_Fasan_w800.JPG\" alt=\"Fasan (Phasianus colchicus) H\u00f6na med kycklingar\" \/><\/td>\n<\/tr>\n<tr>\n<td style=\"font-style: italic; font-size: 80%;\" align=\"left\">\n<div id=\"EXIF\">080723 Klockan: 08:28 Br\u00e4nnvidd: 300.0 mm [450 mm] ISO: 400 Slutare: 1\/400 Bl\u00e4ndare: F5.6<br \/>\nKamera: SONY DSLR-A100 Objektiv: 75-300 [35mm: 112,5-450]<\/div>\n<\/td>\n<\/tr>\n<tr>\n<td align=\"left\">\n<div id=\"ngn_bild_text\">En Fasanh\u00f6na med r\u00e4tt s\u00e5 stora kycklingar. Kul! Det var ju inte s\u00e5 l\u00e4ngesedan som jag fotade en Fasanh\u00f6na men misslyckades totalt med att f\u00e5 bild p\u00e5 n\u00e5gra kycklingar. Jag s\u00e5g dem helt enkelt inte och \u00e4nd\u00e5 fl\u00f6g de upp framf\u00f6r \u00f6gonen p\u00e5 mig och g\u00f6mde sig f\u00f6r mig, igen.<\/div>\n<\/td>\n<\/tr>\n<tr>\n<td>\n<div id=\"ngn_bild_text\">Men h\u00e4r fick jag allts\u00e5 sitta, p\u00e5 f\u00f6rsta parkett, och i lugn och ro kn\u00e4ppa bilder. Avst\u00e5ndet var r\u00e4tt s\u00e5 l\u00e5ngt s\u00e5 bilderna blev inga h\u00f6jdare.<\/div>\n<\/td>\n<\/tr>\n<tr>\n<td>\n<div id=\"ngn_bild_text_above\">H\u00f6nan lockar dem fr\u00e5n ena sidan av muren till den andra de \u00e4r p\u00e5v\u00e4g \u00e5t v\u00e5rt h\u00e5ll.<\/div>\n<\/td>\n<\/tr>\n<tr>\n<td><img style=\"width: 800px; height: 596px;\" title=\"Fasan (Phasianus colchicus) H\u00f6na med kycklingar\" src=\"http:\/\/ngn.nu\/Bilder3\/080723_DSC01848_Fasan_w800.JPG\" alt=\"Fasan (Phasianus colchicus) H\u00f6na med kycklingar\" \/><\/td>\n<\/tr>\n<tr style=\"font-style: italic;\">\n<td>\n<div id=\"EXIF\"><small>080723 Klockan: 08:28 Br\u00e4nnvidd: 300.0 mm [450 mm] ISO: 400 Slutare: 1\/500 Bl\u00e4ndare: F5.6<br \/>\nKamera: SONY DSLR-A100 Objektiv: 75-300 [35mm: 112,5-450]<\/small><\/div>\n<\/td>\n<\/tr>\n<tr>\n<td>\n<div id=\"ngn_bild_text\">Efter frukosten best\u00e4mde jag mig f\u00f6r att g\u00e5 ut p\u00e5 lite spaning och se om jag kunde smyga mig p\u00e5 och f\u00e5 lite b\u00e4ttre bilder &#8211; eller fler&#8230;<\/div>\n<\/td>\n<\/tr>\n<tr>\n<td>\n<div id=\"ngn_bild_text\">Jag g\u00e5r p\u00e5 en stig, p\u00e5 andra sidan den breda steng\u00e4rdsg\u00e5rden. R\u00e4tt som det \u00e4r h\u00f6r jag ett f\u00f6rf\u00e4rligt ov\u00e4sen, bakom ett stort buskage, vid ett h\u00f6rn av steng\u00e4rdsg\u00e5rden.<\/div>\n<\/td>\n<\/tr>\n<tr>\n<td>\n<div id=\"ngn_bild_text\">Jag f\u00e5r d\u00e5 se en katt som ligger uppe p\u00e5 steng\u00e4rdsg\u00e5rden. Och s\u00e5 ser jag hur en Fasanh\u00f6na anfaller katten under ett v\u00e5ldsamt flaxande och skrikande.<br \/>\nKatten tog antagligen det s\u00e4kra f\u00f6re det os\u00e4kra och f\u00f6rsvann.<\/div>\n<\/td>\n<\/tr>\n<tr>\n<td>\n<div id=\"ngn_bild_text_above\">Och jag begrep ju att jag hade de sm\u00e5 kycklingarna inom r\u00e4ckh\u00e5ll s\u00e5 jag smyger f\u00f6rsiktigt fram. D\u00e5 h\u00f6r jag H\u00f6nan ropa &#8217;varning&#8217;. Det betyder: &#8221;G\u00f6m er! Ligg still! V\u00e4nta tills jag kallar!&#8221;<br \/>\nJag var d\u00e5 p\u00e5 v\u00e4g upp p\u00e5 steng\u00e4rdsg\u00e5rden, \u00e4r halvv\u00e4gs, d\u00e5 anar jag en liten, liten r\u00f6relse nere vid mina f\u00f6tter &#8211; det var n\u00e5got som kilade in mellan stenarna.<br \/>\nJag steg f\u00f6rsiktigt ned igen och b\u00f6rjade kika in i h\u00e5ligheterna och fick d\u00e5 syn p\u00e5 raringen h\u00e4r nedan.<\/div>\n<\/td>\n<\/tr>\n<tr>\n<td><img style=\"width: 800px; height: 565px;\" title=\"Fasan (Phasianus colchicus) Kyckling\" src=\"http:\/\/ngn.nu\/Bilder3\/080723_DSC01887_Fasan_w800.JPG\" alt=\"Fasan (Phasianus colchicus) Kyckling\" \/><\/td>\n<\/tr>\n<tr style=\"font-style: italic;\">\n<td>\n<div id=\"EXIF\"><small>080723 Klockan: 09:24 Br\u00e4nnvidd: 75.0 mm [112 mm] ISO: 100 Slutare: 1\/160 Bl\u00e4ndare: F5.6<br \/>\nKamera: SONY DSLR-A100 Objektiv: 75-300 [35mm: 112,5-450]<\/small><\/div>\n<\/td>\n<\/tr>\n<tr>\n<td>\n<div id=\"ngn_bild_text\">D\u00e4r ligger den kanske trygg. Men jag ville se hela. Och, det finns allts\u00e5 tv\u00e5 Fasanfamiljer i n\u00e4romr\u00e5det.<\/div>\n<\/td>\n<\/tr>\n<tr>\n<td>\n<div id=\"ngn_bild_text_above\">Jag har ju lyssnat lite p\u00e5 hur Fasanerna l\u00e5ter och s\u00e5 har jag ju f\u00f6tt upp h\u00f6ns och kalkoner. D\u00e5 l\u00e4rde jag mig dels att locka p\u00e5 dem och dels att, ja, skr\u00e4mma in dem i h\u00e5let (deras rum i ladug\u00e5rden). S\u00e5 jag pr\u00f6vade ett litet f\u00f6rsiktigt pipande l\u00e4te som jag g\u00f6r genom att knipa med l\u00e4pparna och dra luft in\u00e5t.<br \/>\nOch det gav genast resultat, Som ses p\u00e5 bilden nedan.<\/div>\n<\/td>\n<\/tr>\n<tr>\n<td><img style=\"width: 800px; height: 595px;\" title=\"Fasan (Phasianus colchicus) Kyckling\" src=\"http:\/\/ngn.nu\/Bilder3\/080723_DSC01891_Fasan_w800.JPG\" alt=\"Fasan (Phasianus colchicus) Kyckling\" \/><\/td>\n<\/tr>\n<tr style=\"font-style: italic;\">\n<td>\n<div id=\"EXIF\"><small>080723 Klockan: 09:25 Br\u00e4nnvidd: 75.0 mm [112 mm] ISO: 100 Slutare: 1\/160 Bl\u00e4ndare: F5.6<br \/>\nKamera: SONY DSLR-A100 Objektiv: 75-300 [35mm: 112,5-450]<\/small><\/div>\n<\/td>\n<\/tr>\n<tr>\n<td>\n<div id=\"ngn_bild_text\">Den tittar sig oblygt omkring. Den h\u00f6r att signalen f\u00f6r &#8221;faran \u00f6ver&#8221; \u00e4r given, men var \u00e4r mamma?<\/div>\n<\/td>\n<\/tr>\n<tr>\n<td>\n<div id=\"ngn_bild_text_above\">Jag &#8217;piper&#8217; n\u00e5gra g\u00e5nger till. D\u00e5 kommer den ut helt och h\u00e5llet.<\/div>\n<\/td>\n<\/tr>\n<tr>\n<td><img style=\"width: 800px; height: 622px;\" title=\"Fasan (Phasianus colchicus) Kyckling\" src=\"http:\/\/ngn.nu\/Bilder3\/080723_DSC01895_Fasan_w800.JPG\" alt=\"Fasan (Phasianus colchicus) Kyckling\" \/><\/td>\n<\/tr>\n<tr style=\"font-style: italic;\">\n<td>\n<div id=\"EXIF\"><small>080723 Klockan: 09:25 Br\u00e4nnvidd: 75.0 mm [112 mm] ISO: 100 Slutare: 1\/160 Bl\u00e4ndare: F5.6<br \/>\nKamera: SONY DSLR-A100 Objektiv: 75-300 [35mm: 112,5-450]<\/small><\/div>\n<\/td>\n<\/tr>\n<tr>\n<td>\n<div id=\"ngn_bild_text\">Strax efter bilden ovan hoppar den ned till mina f\u00f6tter. Sedan ser jag den inte.<\/div>\n<\/td>\n<\/tr>\n<tr>\n<td>\n<div id=\"ngn_bild_text_above\">Lite nerv\u00f6st att st\u00e5 kvar d\u00e4r nere i undervegetationen. Jag hade ju ingen aning om hur m\u00e5nga sm\u00e5ttingar jag lockat till mig. Jag kliver upp p\u00e5 steng\u00e4rdsg\u00e5rden och s\u00e4tter ig\u00e5ng att locka p\u00e5 H\u00f6nan.<br \/>\nEfter bara n\u00e5gon sekund kommer hon springande. Blev inga j\u00e4ttebra bilder &#8211; hon hade br\u00e5ttom.<\/div>\n<\/td>\n<\/tr>\n<tr>\n<td><img style=\"width: 800px; height: 595px;\" title=\"Fasan (Phasianus colchicus) H\u00f6na\" src=\"http:\/\/ngn.nu\/Bilder3\/080723_DSC01899_Fasan_w800.JPG\" alt=\"Fasan (Phasianus colchicus) H\u00f6na\" \/><\/td>\n<\/tr>\n<tr style=\"font-style: italic;\">\n<td>\n<div id=\"EXIF\"><small>080723 Klockan: 09:26 Br\u00e4nnvidd: 75.0 mm [112 mm] ISO: 100 Slutare: 1\/125 Bl\u00e4ndare: F4.5<br \/>\nKamera: SONY DSLR-A100 Objektiv: 75-300 [35mm: 112,5-450]<\/small><\/div>\n<\/td>\n<\/tr>\n<tr>\n<td>\n<div id=\"ngn_bild_text\"><\/div>\n<\/td>\n<\/tr>\n<tr>\n<td>\n<div id=\"ngn_bild_text_above\">H\u00e4r \u00e4r hon uppe p\u00e5 steng\u00e4rdsg\u00e5rden och strax efter denna bild hoppar hon ned till sina sm\u00e5 telningar. Jag g\u00e5r \u00e5t andra h\u00e5llet jag. Jag \u00e4r mer \u00e4n n\u00f6jd med den h\u00e4r upplevelsen.<\/div>\n<\/td>\n<\/tr>\n<tr>\n<td><img style=\"width: 800px; height: 595px;\" title=\"Fasan (Phasianus colchicus) H\u00f6na\" src=\"http:\/\/ngn.nu\/Bilder3\/080723_DSC01901_Fasan_w800.JPG\" alt=\"Fasan (Phasianus colchicus) H\u00f6na\" \/><\/td>\n<\/tr>\n<tr style=\"font-style: italic;\">\n<td>\n<div id=\"EXIF\"><small>080723 Klockan: 09:28 Br\u00e4nnvidd: 75.0 mm [112 mm] ISO: 100 Slutare: 1\/125 Bl\u00e4ndare: F5.6<br \/>\nKamera: SONY DSLR-A100 Objektiv: 75-300 [35mm: 112,5-450]<\/small><\/div>\n<\/td>\n<\/tr>\n<tr>\n<td>\n<div id=\"ngn_bild_text\"><\/div>\n<\/td>\n<\/tr>\n<\/tbody>\n<\/table>\n","protected":false},"excerpt":{"rendered":"<p>Fasan (Phasianus colchicus) H\u00f6na med ungar Stuga 7, Engesbergs Kamping, utanf\u00f6r G\u00e4vle. Vi sitter ute p\u00e5 verandan. Kameran har jag liggandes laddad p\u00e5 frukostbordet. Borta p\u00e5 steng\u00e4rdsg\u00e5rden ser jag n\u00e5got som r\u00f6r sig. Upp med kameran. 080723 Klockan: 08:28 Br\u00e4nnvidd: 300.0 mm [450 mm] ISO: 400 Slutare: 1\/400 Bl\u00e4ndare: F5.6 Kamera: SONY DSLR-A100 Objektiv: 75-300 [&hellip;]<\/p>\n","protected":false},"author":1,"featured_media":0,"comment_status":"open","ping_status":"open","sticky":false,"template":"","format":"standard","meta":[],"categories":[268],"tags":[357,358],"_links":{"self":[{"href":"http:\/\/bilder.ngn.nu\/index.php\/wp-json\/wp\/v2\/posts\/327"}],"collection":[{"href":"http:\/\/bilder.ngn.nu\/index.php\/wp-json\/wp\/v2\/posts"}],"about":[{"href":"http:\/\/bilder.ngn.nu\/index.php\/wp-json\/wp\/v2\/types\/post"}],"author":[{"embeddable":true,"href":"http:\/\/bilder.ngn.nu\/index.php\/wp-json\/wp\/v2\/users\/1"}],"replies":[{"embeddable":true,"href":"http:\/\/bilder.ngn.nu\/index.php\/wp-json\/wp\/v2\/comments?post=327"}],"version-history":[{"count":0,"href":"http:\/\/bilder.ngn.nu\/index.php\/wp-json\/wp\/v2\/posts\/327\/revisions"}],"wp:attachment":[{"href":"http:\/\/bilder.ngn.nu\/index.php\/wp-json\/wp\/v2\/media?parent=327"}],"wp:term":[{"taxonomy":"category","embeddable":true,"href":"http:\/\/bilder.ngn.nu\/index.php\/wp-json\/wp\/v2\/categories?post=327"},{"taxonomy":"post_tag","embeddable":true,"href":"http:\/\/bilder.ngn.nu\/index.php\/wp-json\/wp\/v2\/tags?post=327"}],"curies":[{"name":"wp","href":"https:\/\/api.w.org\/{rel}","templated":true}]}}