{"id":328,"date":"2008-07-25T15:55:23","date_gmt":"2008-07-25T13:55:23","guid":{"rendered":"http:\/\/bilder.ngn.nu\/?p=328"},"modified":"2009-06-08T19:09:12","modified_gmt":"2009-06-08T17:09:12","slug":"solnedgang","status":"publish","type":"post","link":"http:\/\/bilder.ngn.nu\/index.php\/2008\/07\/25\/solnedgang\/","title":{"rendered":"Solnedg\u00e5ng"},"content":{"rendered":"<table style=\"width: 800px;\" border=\"0\">\n<tbody>\n<tr>\n<td>\n<div id=\"ngn_bild_rubrik\"><span style=\"font-weight: bold; font-family: Helvetica,Arial,sans-serif;\">Solnedg\u00e5ng med lyftande f\u00e5gel<\/span><\/div>\n<\/td>\n<\/tr>\n<tr>\n<td>\n<div id=\"ngn_bild_text_above\">Jag hade v\u00e4ldiga problem med att hitta bra position inf\u00f6r den h\u00e4r bilden. D\u00e4r jag placerad mig f\u00f6rst, best\u00e4mde sig ett antal m\u00e4nniskor (k\u00e4rringar) att de skulle bada, mitt f\u00f6r d\u00e4r jag f\u00f6rst satt och sedan stod.<br \/>\nJu mer jag gick \u00e5t sidan, ju mer &#8217;f\u00f6ljde de efter&#8217;? M\u00e4rkligt beteende.<\/div>\n<\/td>\n<\/tr>\n<tr>\n<td align=\"center\"><img style=\"width: 800px; height: 525px;\" title=\"Solnedg\u00e5ng med lyftande f\u00e5gel\" src=\"http:\/\/ngn.nu\/Bilder3\/080725_DSC01993_Solnegang+Fagel_Kompr94_w800.JPG\" alt=\"Solnedg\u00e5ng med lyftande f\u00e5gel\" \/><\/td>\n<\/tr>\n<tr>\n<td style=\"font-style: italic; font-size: 80%;\" align=\"left\">\n<div id=\"EXIF\">080725 Klockan: 21:32 Br\u00e4nnvidd: 70.0 mm [105 mm] ISO: 100 Slutare: 1\/160 Bl\u00e4ndare: F8.0<br \/>\nKamera: SONY DSLR-A100 Objektiv: 18-70 [35mm: 27-105]<\/div>\n<\/td>\n<\/tr>\n<tr>\n<td>N\u00e5gon som kan gissa sig vad det kan vara f\u00f6r f\u00e5gel? Kanske p\u00e5 s\u00e4ttet den startar p\u00e5? Jag \u00e4r d\u00e5lig p\u00e5 s\u00e5dant.<br \/>\nVadstena Kamping.<\/td>\n<\/tr>\n<\/tbody>\n<\/table>\n","protected":false},"excerpt":{"rendered":"<p>Solnedg\u00e5ng med lyftande f\u00e5gel Jag hade v\u00e4ldiga problem med att hitta bra position inf\u00f6r den h\u00e4r bilden. D\u00e4r jag placerad mig f\u00f6rst, best\u00e4mde sig ett antal m\u00e4nniskor (k\u00e4rringar) att de skulle bada, mitt f\u00f6r d\u00e4r jag f\u00f6rst satt och sedan stod. Ju mer jag gick \u00e5t sidan, ju mer &#8217;f\u00f6ljde de efter&#8217;? M\u00e4rkligt beteende. 080725 [&hellip;]<\/p>\n","protected":false},"author":1,"featured_media":0,"comment_status":"open","ping_status":"open","sticky":false,"template":"","format":"standard","meta":[],"categories":[363],"tags":[365,364],"_links":{"self":[{"href":"http:\/\/bilder.ngn.nu\/index.php\/wp-json\/wp\/v2\/posts\/328"}],"collection":[{"href":"http:\/\/bilder.ngn.nu\/index.php\/wp-json\/wp\/v2\/posts"}],"about":[{"href":"http:\/\/bilder.ngn.nu\/index.php\/wp-json\/wp\/v2\/types\/post"}],"author":[{"embeddable":true,"href":"http:\/\/bilder.ngn.nu\/index.php\/wp-json\/wp\/v2\/users\/1"}],"replies":[{"embeddable":true,"href":"http:\/\/bilder.ngn.nu\/index.php\/wp-json\/wp\/v2\/comments?post=328"}],"version-history":[{"count":0,"href":"http:\/\/bilder.ngn.nu\/index.php\/wp-json\/wp\/v2\/posts\/328\/revisions"}],"wp:attachment":[{"href":"http:\/\/bilder.ngn.nu\/index.php\/wp-json\/wp\/v2\/media?parent=328"}],"wp:term":[{"taxonomy":"category","embeddable":true,"href":"http:\/\/bilder.ngn.nu\/index.php\/wp-json\/wp\/v2\/categories?post=328"},{"taxonomy":"post_tag","embeddable":true,"href":"http:\/\/bilder.ngn.nu\/index.php\/wp-json\/wp\/v2\/tags?post=328"}],"curies":[{"name":"wp","href":"https:\/\/api.w.org\/{rel}","templated":true}]}}