{"id":329,"date":"2008-07-25T15:57:43","date_gmt":"2008-07-25T13:57:43","guid":{"rendered":"http:\/\/bilder.ngn.nu\/?p=329"},"modified":"2009-06-08T19:08:44","modified_gmt":"2009-06-08T17:08:44","slug":"dagslanda","status":"publish","type":"post","link":"http:\/\/bilder.ngn.nu\/index.php\/2008\/07\/25\/dagslanda\/","title":{"rendered":"Dagsl\u00e4nda"},"content":{"rendered":"<table style=\"width: 800px;\" border=\"0\">\n<tbody>\n<tr>\n<td>\n<div id=\"ngn_bild_rubrik\"><span style=\"font-weight: bold; font-family: Helvetica,Arial,sans-serif;\">\u00c5sandsl\u00e4nda <\/span><span style=\"font-family: Times New Roman,Times,serif;\">(<span style=\"font-style: italic;\">Ephemera danica<\/span>)<\/span><\/div>\n<\/td>\n<\/tr>\n<tr>\n<td>\n<div id=\"ngn_bild_text_above\">Dagsl\u00e4nda som precis har \u00f6msat. Sitter bredvid det gamla &#8217;skalet&#8217;. Ibland (ofta) fattar jag inte vilka m\u00e4rkliga saker jag ser. N\u00e4r jag tog denna bild hade jag ingen aning om att det var en Dagsl\u00e4nda. Och att den dessutom nyss hade bytt skal (skinn).<br \/>\nDet d\u00e4r skinnet trodde jag f\u00f6rst var en uppvaktande hane, eller n\u00e5t.<\/div>\n<\/td>\n<\/tr>\n<tr>\n<td align=\"center\"><img style=\"width: 800px; height: 864px;\" title=\"\u00c5sandsl\u00e4nda (Ephemera danica)\" src=\"http:\/\/ngn.nu\/Bilder3\/080725_DSC02084_Dagslaenda_Kompr94_w800.JPG\" alt=\"\u00c5sandsl\u00e4nda (Ephemera danica)\" \/><\/td>\n<\/tr>\n<tr>\n<td style=\"font-style: italic; font-size: 80%;\" align=\"left\">\n<div id=\"EXIF\">080725 Klockan: 19:57 Br\u00e4nnvidd: 10.9 mm [65] ISO: 100 Slutare: 1\/125 Bl\u00e4ndare: F4.0<br \/>\nKamera: SONY CyberShot DSC-W55 Objektiv: 6,3-18,9 [35mm: 38-114]<\/div>\n<\/td>\n<\/tr>\n<tr>\n<td>Dagsl\u00e4ndor l\u00e4r vara de enda bevingade insekter som byter hela fodralet, inklusive vingarna.<br \/>\nVadstena Kamping.<\/td>\n<\/tr>\n<\/tbody>\n<\/table>\n","protected":false},"excerpt":{"rendered":"<p>\u00c5sandsl\u00e4nda (Ephemera danica) Dagsl\u00e4nda som precis har \u00f6msat. Sitter bredvid det gamla &#8217;skalet&#8217;. Ibland (ofta) fattar jag inte vilka m\u00e4rkliga saker jag ser. N\u00e4r jag tog denna bild hade jag ingen aning om att det var en Dagsl\u00e4nda. Och att den dessutom nyss hade bytt skal (skinn). Det d\u00e4r skinnet trodde jag f\u00f6rst var en [&hellip;]<\/p>\n","protected":false},"author":1,"featured_media":0,"comment_status":"open","ping_status":"open","sticky":false,"template":"","format":"standard","meta":[],"categories":[368],"tags":[365,364],"_links":{"self":[{"href":"http:\/\/bilder.ngn.nu\/index.php\/wp-json\/wp\/v2\/posts\/329"}],"collection":[{"href":"http:\/\/bilder.ngn.nu\/index.php\/wp-json\/wp\/v2\/posts"}],"about":[{"href":"http:\/\/bilder.ngn.nu\/index.php\/wp-json\/wp\/v2\/types\/post"}],"author":[{"embeddable":true,"href":"http:\/\/bilder.ngn.nu\/index.php\/wp-json\/wp\/v2\/users\/1"}],"replies":[{"embeddable":true,"href":"http:\/\/bilder.ngn.nu\/index.php\/wp-json\/wp\/v2\/comments?post=329"}],"version-history":[{"count":0,"href":"http:\/\/bilder.ngn.nu\/index.php\/wp-json\/wp\/v2\/posts\/329\/revisions"}],"wp:attachment":[{"href":"http:\/\/bilder.ngn.nu\/index.php\/wp-json\/wp\/v2\/media?parent=329"}],"wp:term":[{"taxonomy":"category","embeddable":true,"href":"http:\/\/bilder.ngn.nu\/index.php\/wp-json\/wp\/v2\/categories?post=329"},{"taxonomy":"post_tag","embeddable":true,"href":"http:\/\/bilder.ngn.nu\/index.php\/wp-json\/wp\/v2\/tags?post=329"}],"curies":[{"name":"wp","href":"https:\/\/api.w.org\/{rel}","templated":true}]}}