{"id":330,"date":"2008-07-25T16:01:56","date_gmt":"2008-07-25T14:01:56","guid":{"rendered":"http:\/\/bilder.ngn.nu\/?p=330"},"modified":"2009-06-08T19:08:16","modified_gmt":"2009-06-08T17:08:16","slug":"trips","status":"publish","type":"post","link":"http:\/\/bilder.ngn.nu\/index.php\/2008\/07\/25\/trips\/","title":{"rendered":"Trips"},"content":{"rendered":"<table style=\"width: 800px;\" border=\"0\">\n<tbody>\n<tr>\n<td>\n<div id=\"ngn_bild_rubrik\"><span style=\"font-weight: bold; font-family: Helvetica,Arial,sans-serif;\">Trips <\/span><span style=\"font-family: Times New Roman,Times,serif;\">(Ordningen:<span style=\"font-style: italic;\"> Thysanoptera<\/span>)<\/span><\/div>\n<\/td>\n<\/tr>\n<tr>\n<td>\n<div id=\"ngn_bild_text_above\">Samma som jag hade i mina tavlor (millimetrar). Just den h\u00e4r \u00e4r f\u00f6r suddig f\u00f6r att artbest\u00e4mma. Men det lutar \u00e5t en <span style=\"font-style: italic;\">Phlaeothrips annulipes<\/span> eller <span style=\"font-style: italic;\">Limothrips denticornis<\/span> beroende p\u00e5 att den \u00e4r mer brun \u00e4n svart.<\/div>\n<\/td>\n<\/tr>\n<tr>\n<td align=\"center\"><img style=\"width: 800px; height: 616px;\" title=\"Trips (Ordningen: Thysanoptera)\" src=\"http:\/\/ngn.nu\/Bilder3\/080725_DSC02061_Trips_w800.JPG\" alt=\"Trips (Ordningen: Thysanoptera)\" \/><\/td>\n<\/tr>\n<tr>\n<td style=\"font-style: italic; font-size: 80%;\" align=\"left\">\n<div id=\"EXIF\">080725 Klockan: 18:34 Blixt: Ja Br\u00e4nnvidd: 6.3 mm [38] ISO: 100 Slutare: 1\/400 Bl\u00e4ndare: F2.8<br \/>\nKamera: SONY CyberShot DSC-W55 Objektiv: 6,3-18,9 [35mm: 38-114]<\/div>\n<\/td>\n<\/tr>\n<tr>\n<td>Den kryper p\u00e5 ett infoblad om G\u00f6ta Kanal.<br \/>\nVadstena Kamping.<\/td>\n<\/tr>\n<\/tbody>\n<\/table>\n","protected":false},"excerpt":{"rendered":"<p>Trips (Ordningen: Thysanoptera) Samma som jag hade i mina tavlor (millimetrar). Just den h\u00e4r \u00e4r f\u00f6r suddig f\u00f6r att artbest\u00e4mma. Men det lutar \u00e5t en Phlaeothrips annulipes eller Limothrips denticornis beroende p\u00e5 att den \u00e4r mer brun \u00e4n svart. 080725 Klockan: 18:34 Blixt: Ja Br\u00e4nnvidd: 6.3 mm [38] ISO: 100 Slutare: 1\/400 Bl\u00e4ndare: F2.8 Kamera: [&hellip;]<\/p>\n","protected":false},"author":1,"featured_media":0,"comment_status":"open","ping_status":"open","sticky":false,"template":"","format":"standard","meta":[],"categories":[366],"tags":[365,364],"_links":{"self":[{"href":"http:\/\/bilder.ngn.nu\/index.php\/wp-json\/wp\/v2\/posts\/330"}],"collection":[{"href":"http:\/\/bilder.ngn.nu\/index.php\/wp-json\/wp\/v2\/posts"}],"about":[{"href":"http:\/\/bilder.ngn.nu\/index.php\/wp-json\/wp\/v2\/types\/post"}],"author":[{"embeddable":true,"href":"http:\/\/bilder.ngn.nu\/index.php\/wp-json\/wp\/v2\/users\/1"}],"replies":[{"embeddable":true,"href":"http:\/\/bilder.ngn.nu\/index.php\/wp-json\/wp\/v2\/comments?post=330"}],"version-history":[{"count":0,"href":"http:\/\/bilder.ngn.nu\/index.php\/wp-json\/wp\/v2\/posts\/330\/revisions"}],"wp:attachment":[{"href":"http:\/\/bilder.ngn.nu\/index.php\/wp-json\/wp\/v2\/media?parent=330"}],"wp:term":[{"taxonomy":"category","embeddable":true,"href":"http:\/\/bilder.ngn.nu\/index.php\/wp-json\/wp\/v2\/categories?post=330"},{"taxonomy":"post_tag","embeddable":true,"href":"http:\/\/bilder.ngn.nu\/index.php\/wp-json\/wp\/v2\/tags?post=330"}],"curies":[{"name":"wp","href":"https:\/\/api.w.org\/{rel}","templated":true}]}}