{"id":334,"date":"2008-07-28T16:46:11","date_gmt":"2008-07-28T14:46:11","guid":{"rendered":"http:\/\/bilder.ngn.nu\/?p=334"},"modified":"2009-06-08T19:05:45","modified_gmt":"2009-06-08T17:05:45","slug":"fjaril-och-blomma","status":"publish","type":"post","link":"http:\/\/bilder.ngn.nu\/index.php\/2008\/07\/28\/fjaril-och-blomma\/","title":{"rendered":"Fj\u00e4ril och Blomma"},"content":{"rendered":"<table style=\"width: 800px;\" border=\"0\">\n<tbody>\n<tr>\n<td>\n<div id=\"ngn_bild_rubrik\"><span style=\"font-weight: bold; font-family: Helvetica,Arial,sans-serif;\">Midsommarbl\u00e5vinge <\/span><span style=\"font-family: Times New Roman,Times,serif;\">(<span style=\"font-style: italic;\">Aricia artaxerxes<\/span>) p\u00e5 <span style=\"font-weight: bold;\">H\u00e4stfibla<\/span><\/span><span style=\"font-weight: bold; font-family: Helvetica,Arial,sans-serif;\"> <\/span><span style=\"font-family: Times New Roman,Times,serif;\">(<span style=\"font-style: italic;\">Arnica montana<\/span>)<\/span><span style=\"font-family: Times New Roman,Times,serif;\"> <\/span><\/div>\n<\/td>\n<\/tr>\n<tr>\n<td>\n<div id=\"ngn_bild_text_above\">Om det \u00e4r n\u00e5got annat \u00e4n H\u00e4stfibla \/ Sl\u00e5ttergubbe (<span style=\"font-style: italic;\">Arnica montana<\/span>) s\u00e5 tar jag tacksamt emot f\u00f6rslag.<\/div>\n<\/td>\n<\/tr>\n<tr>\n<td align=\"center\"><img style=\"width: 800px; height: 647px;\" title=\"Midsommarbl\u00e5vinge (Aricia artaxerxes) p\u00e5 H\u00e4stfibla (Arnica montana)\" src=\"http:\/\/ngn.nu\/Bilder3\/080728_DSC02111_Fjaeril_Kompr94_w800.JPG\" alt=\"Midsommarbl\u00e5vinge (Aricia artaxerxes) p\u00e5 H\u00e4stfibla (Arnica montana)\" \/><\/td>\n<\/tr>\n<tr>\n<td style=\"font-style: italic; font-size: 80%;\" align=\"left\">\n<div id=\"EXIF\">080728 Klockan: 14:54 Br\u00e4nnvidd: 18.9 mm [113] ISO: 100 Slutare: 1\/500 Bl\u00e4ndare: F5.2<br \/>\nKamera: SONY CyberShot DSC-W55 Objektiv: 6,3-18,9 [35mm: 38-114]<\/div>\n<\/td>\n<\/tr>\n<tr>\n<td>\n<div id=\"ngn_bild_text\">\u00d6rtag\u00e5rden vid Pilgrimscentrum i Vadstena.<\/div>\n<\/td>\n<\/tr>\n<\/tbody>\n<\/table>\n","protected":false},"excerpt":{"rendered":"<p>Midsommarbl\u00e5vinge (Aricia artaxerxes) p\u00e5 H\u00e4stfibla (Arnica montana) Om det \u00e4r n\u00e5got annat \u00e4n H\u00e4stfibla \/ Sl\u00e5ttergubbe (Arnica montana) s\u00e5 tar jag tacksamt emot f\u00f6rslag. 080728 Klockan: 14:54 Br\u00e4nnvidd: 18.9 mm [113] ISO: 100 Slutare: 1\/500 Bl\u00e4ndare: F5.2 Kamera: SONY CyberShot DSC-W55 Objektiv: 6,3-18,9 [35mm: 38-114] \u00d6rtag\u00e5rden vid Pilgrimscentrum i Vadstena.<\/p>\n","protected":false},"author":1,"featured_media":0,"comment_status":"open","ping_status":"open","sticky":false,"template":"","format":"standard","meta":[],"categories":[374,373],"tags":[364,375],"_links":{"self":[{"href":"http:\/\/bilder.ngn.nu\/index.php\/wp-json\/wp\/v2\/posts\/334"}],"collection":[{"href":"http:\/\/bilder.ngn.nu\/index.php\/wp-json\/wp\/v2\/posts"}],"about":[{"href":"http:\/\/bilder.ngn.nu\/index.php\/wp-json\/wp\/v2\/types\/post"}],"author":[{"embeddable":true,"href":"http:\/\/bilder.ngn.nu\/index.php\/wp-json\/wp\/v2\/users\/1"}],"replies":[{"embeddable":true,"href":"http:\/\/bilder.ngn.nu\/index.php\/wp-json\/wp\/v2\/comments?post=334"}],"version-history":[{"count":0,"href":"http:\/\/bilder.ngn.nu\/index.php\/wp-json\/wp\/v2\/posts\/334\/revisions"}],"wp:attachment":[{"href":"http:\/\/bilder.ngn.nu\/index.php\/wp-json\/wp\/v2\/media?parent=334"}],"wp:term":[{"taxonomy":"category","embeddable":true,"href":"http:\/\/bilder.ngn.nu\/index.php\/wp-json\/wp\/v2\/categories?post=334"},{"taxonomy":"post_tag","embeddable":true,"href":"http:\/\/bilder.ngn.nu\/index.php\/wp-json\/wp\/v2\/tags?post=334"}],"curies":[{"name":"wp","href":"https:\/\/api.w.org\/{rel}","templated":true}]}}