{"id":336,"date":"2008-07-30T21:05:27","date_gmt":"2008-07-30T19:05:27","guid":{"rendered":"http:\/\/bilder.ngn.nu\/?p=336"},"modified":"2009-06-08T19:04:57","modified_gmt":"2009-06-08T17:04:57","slug":"kopparodla-2","status":"publish","type":"post","link":"http:\/\/bilder.ngn.nu\/index.php\/2008\/07\/30\/kopparodla-2\/","title":{"rendered":"Koppar\u00f6dla"},"content":{"rendered":"<table style=\"width: 800px;\" border=\"0\">\n<tbody>\n<tr>\n<td>\n<div id=\"ngn_bild_rubrik\"><span style=\"font-weight: bold; font-family: Helvetica,Arial,sans-serif;\">Koppar\u00f6dla <\/span><span style=\"font-family: Times New Roman,Times,serif;\">(<span style=\"font-style: italic;\">Anguis fragilis<\/span>)<\/span><span style=\"font-family: Times New Roman,Times,serif;\"> <\/span><\/div>\n<\/td>\n<\/tr>\n<tr>\n<td>\n<div id=\"ngn_bild_text\">Jag stod och fotograferade den h\u00e4r en bra stund. Hustrun st\u00e5r ca en halv meter framf\u00f6r Koppar\u00f6dlan &#8211; hon ser den inte.<br \/>\nF\u00f6rst n\u00e4r jag b\u00f6jer mig ned och petar till den lite l\u00e4tt, n\u00e4ra huvudet, s\u00e5 den b\u00f6rjar r\u00f6ra p\u00e5 sig, d\u00e5 ser hon den.<\/div>\n<\/td>\n<\/tr>\n<tr>\n<td>\n<div id=\"ngn_bild_text_above\">Anledningen till att jag inte petar den i svans\u00e4ndan beror p\u00e5 att den d\u00e5 kan tro (reflexm\u00e4ssigt) att t.ex. en f\u00e5gel f\u00f6rs\u00f6ker ta den. De sl\u00e4pper d\u00e5 svansen s\u00e5 de sj\u00e4lva kan smita undan. Svansen blir kvar och sprattlar. Detta f\u00f6r att dra uppm\u00e4rksamheten till sig. P\u00e5 Koppar\u00f6dlan v\u00e4xer det s\u00e5 sm\u00e5ningom ut en ny svans men inte lika v\u00e4lutvecklad som originalet. Det blir mer en stump.<\/div>\n<\/td>\n<\/tr>\n<tr>\n<td align=\"center\"><img style=\"width: 800px; height: 422px;\" title=\"Koppar\u00f6dla (Anguis fragilis)\" src=\"http:\/\/ngn.nu\/Bilder3\/080730_DSC02194_Kopparoedla_w800.JPG\" alt=\"Koppar\u00f6dla (Anguis fragilis)\" \/><\/td>\n<\/tr>\n<tr>\n<td style=\"font-style: italic; font-size: 80%;\" align=\"left\">\n<div id=\"EXIF\">080730 Klockan: 16:20 Blixt: Ja Br\u00e4nnvidd: 110.0 mm [165 mm] ISO: 400 Slutare: 1\/125 Bl\u00e4ndare: F5.6<br \/>\nKamera: SONY DSLR-A100 Objektiv: 75-300 [35mm: 112,5-450]<\/div>\n<\/td>\n<\/tr>\n<tr>\n<td>\n<div id=\"ngn_bild_text\">Ekopark Omberg. S\u00f6der om Vadstena.<\/div>\n<\/td>\n<\/tr>\n<\/tbody>\n<\/table>\n","protected":false},"excerpt":{"rendered":"<p>Koppar\u00f6dla (Anguis fragilis) Jag stod och fotograferade den h\u00e4r en bra stund. Hustrun st\u00e5r ca en halv meter framf\u00f6r Koppar\u00f6dlan &#8211; hon ser den inte. F\u00f6rst n\u00e4r jag b\u00f6jer mig ned och petar till den lite l\u00e4tt, n\u00e4ra huvudet, s\u00e5 den b\u00f6rjar r\u00f6ra p\u00e5 sig, d\u00e5 ser hon den. Anledningen till att jag inte petar [&hellip;]<\/p>\n","protected":false},"author":1,"featured_media":0,"comment_status":"open","ping_status":"open","sticky":false,"template":"","format":"standard","meta":[],"categories":[41],"tags":[376,364],"_links":{"self":[{"href":"http:\/\/bilder.ngn.nu\/index.php\/wp-json\/wp\/v2\/posts\/336"}],"collection":[{"href":"http:\/\/bilder.ngn.nu\/index.php\/wp-json\/wp\/v2\/posts"}],"about":[{"href":"http:\/\/bilder.ngn.nu\/index.php\/wp-json\/wp\/v2\/types\/post"}],"author":[{"embeddable":true,"href":"http:\/\/bilder.ngn.nu\/index.php\/wp-json\/wp\/v2\/users\/1"}],"replies":[{"embeddable":true,"href":"http:\/\/bilder.ngn.nu\/index.php\/wp-json\/wp\/v2\/comments?post=336"}],"version-history":[{"count":0,"href":"http:\/\/bilder.ngn.nu\/index.php\/wp-json\/wp\/v2\/posts\/336\/revisions"}],"wp:attachment":[{"href":"http:\/\/bilder.ngn.nu\/index.php\/wp-json\/wp\/v2\/media?parent=336"}],"wp:term":[{"taxonomy":"category","embeddable":true,"href":"http:\/\/bilder.ngn.nu\/index.php\/wp-json\/wp\/v2\/categories?post=336"},{"taxonomy":"post_tag","embeddable":true,"href":"http:\/\/bilder.ngn.nu\/index.php\/wp-json\/wp\/v2\/tags?post=336"}],"curies":[{"name":"wp","href":"https:\/\/api.w.org\/{rel}","templated":true}]}}