{"id":337,"date":"2008-07-30T21:06:23","date_gmt":"2008-07-30T19:06:23","guid":{"rendered":"http:\/\/bilder.ngn.nu\/?p=337"},"modified":"2009-06-08T19:04:30","modified_gmt":"2009-06-08T17:04:30","slug":"trollslanda-2","status":"publish","type":"post","link":"http:\/\/bilder.ngn.nu\/index.php\/2008\/07\/30\/trollslanda-2\/","title":{"rendered":"Trollsl\u00e4nda"},"content":{"rendered":"<table style=\"width: 800px;\" border=\"0\">\n<tbody>\n<tr>\n<td>\n<div id=\"ngn_bild_rubrik\"><span style=\"font-weight: bold; font-family: Helvetica,Arial,sans-serif;\">\u00c4ngstrollsl\u00e4nda <\/span><span style=\"font-family: Times New Roman,Times,serif;\">(<span style=\"font-style: italic;\">Sympetrum vulgatum<\/span>)<\/span><span style=\"font-family: Times New Roman,Times,serif;\"> <\/span><\/div>\n<\/td>\n<\/tr>\n<tr>\n<td>\n<div id=\"ngn_bild_text_above\">Det fanns massor med Trollsl\u00e4ndor vid en damm n\u00e4ra Naturrummet. Denna Trollsl\u00e4nda \u00e4r dock fotograferad uppe p\u00e5 Ombergets h\u00f6gsta punkt, Hj\u00e4ssan.<br \/>\nMen jag hinner ju inte med allt&#8230;<\/div>\n<\/td>\n<\/tr>\n<tr>\n<td align=\"center\"><img style=\"width: 800px; height: 551px;\" title=\"\u00c4ngstrollsl\u00e4nda (Sympetrum vulgatum)\" src=\"http:\/\/ngn.nu\/Bilder3\/080730_DSC02186+2184_Trollslaenda_Kompr94_w800.JPG\" alt=\"\u00c4ngstrollsl\u00e4nda (Sympetrum vulgatum)\" \/><\/td>\n<\/tr>\n<tr>\n<td style=\"font-style: italic; font-size: 80%;\" align=\"left\">\n<div id=\"EXIF\">Stora bilden:<br \/>\n080730 Klockan: 16:13 Br\u00e4nnvidd: 300.0 mm [450 mm] ISO: 200 Slutare: 1\/500 Bl\u00e4ndare: F5.6<br \/>\nKamera: SONY DSLR-A100 Objektiv: 75-300 [35mm: 112,5-450]<br \/>\nInf\u00e4llda bilden:<br \/>\n080730 Klockan: 16:13 Br\u00e4nnvidd: 300.0 mm [450 mm] ISO: 250 Slutare: 1\/500 Bl\u00e4ndare: F5.6<br \/>\nKamera: SONY DSLR-A100 Objektiv: 75-300 [35mm: 112,5-450]<\/div>\n<\/td>\n<\/tr>\n<tr>\n<td>\n<div id=\"ngn_bild_text\">Ekopark Omberg. S\u00f6der om Vadstena.<\/div>\n<\/td>\n<\/tr>\n<\/tbody>\n<\/table>\n","protected":false},"excerpt":{"rendered":"<p>\u00c4ngstrollsl\u00e4nda (Sympetrum vulgatum) Det fanns massor med Trollsl\u00e4ndor vid en damm n\u00e4ra Naturrummet. Denna Trollsl\u00e4nda \u00e4r dock fotograferad uppe p\u00e5 Ombergets h\u00f6gsta punkt, Hj\u00e4ssan. Men jag hinner ju inte med allt&#8230; Stora bilden: 080730 Klockan: 16:13 Br\u00e4nnvidd: 300.0 mm [450 mm] ISO: 200 Slutare: 1\/500 Bl\u00e4ndare: F5.6 Kamera: SONY DSLR-A100 Objektiv: 75-300 [35mm: 112,5-450] Inf\u00e4llda [&hellip;]<\/p>\n","protected":false},"author":1,"featured_media":0,"comment_status":"open","ping_status":"open","sticky":false,"template":"","format":"standard","meta":[],"categories":[351],"tags":[376,364],"_links":{"self":[{"href":"http:\/\/bilder.ngn.nu\/index.php\/wp-json\/wp\/v2\/posts\/337"}],"collection":[{"href":"http:\/\/bilder.ngn.nu\/index.php\/wp-json\/wp\/v2\/posts"}],"about":[{"href":"http:\/\/bilder.ngn.nu\/index.php\/wp-json\/wp\/v2\/types\/post"}],"author":[{"embeddable":true,"href":"http:\/\/bilder.ngn.nu\/index.php\/wp-json\/wp\/v2\/users\/1"}],"replies":[{"embeddable":true,"href":"http:\/\/bilder.ngn.nu\/index.php\/wp-json\/wp\/v2\/comments?post=337"}],"version-history":[{"count":0,"href":"http:\/\/bilder.ngn.nu\/index.php\/wp-json\/wp\/v2\/posts\/337\/revisions"}],"wp:attachment":[{"href":"http:\/\/bilder.ngn.nu\/index.php\/wp-json\/wp\/v2\/media?parent=337"}],"wp:term":[{"taxonomy":"category","embeddable":true,"href":"http:\/\/bilder.ngn.nu\/index.php\/wp-json\/wp\/v2\/categories?post=337"},{"taxonomy":"post_tag","embeddable":true,"href":"http:\/\/bilder.ngn.nu\/index.php\/wp-json\/wp\/v2\/tags?post=337"}],"curies":[{"name":"wp","href":"https:\/\/api.w.org\/{rel}","templated":true}]}}