{"id":338,"date":"2008-07-30T21:08:23","date_gmt":"2008-07-30T19:08:23","guid":{"rendered":"http:\/\/bilder.ngn.nu\/?p=338"},"modified":"2009-06-08T19:04:04","modified_gmt":"2009-06-08T17:04:04","slug":"grashoppa","status":"publish","type":"post","link":"http:\/\/bilder.ngn.nu\/index.php\/2008\/07\/30\/grashoppa\/","title":{"rendered":"Gr\u00e4shoppa"},"content":{"rendered":"<table style=\"width: 800px;\" border=\"0\">\n<tbody>\n<tr>\n<td>\n<div id=\"ngn_bild_rubrik\"><span style=\"font-weight: bold; font-family: Helvetica,Arial,sans-serif;\">\u00c4ngsgr\u00e4shoppa <\/span><span style=\"font-family: Times New Roman,Times,serif;\">(<span style=\"font-style: italic;\">Omocestus viridulus<\/span>)<\/span><span style=\"font-family: Times New Roman,Times,serif;\"> <\/span><\/div>\n<\/td>\n<\/tr>\n<tr>\n<td>\n<div id=\"ngn_bild_text_above\">Synd att bilderna blev oskarpa n\u00e4r nu en gr\u00e4shoppa ville posera. Den h\u00e4r arten kan ha en stor variation i sin f\u00e4rg.<\/div>\n<\/td>\n<\/tr>\n<tr>\n<td align=\"center\"><img style=\"width: 800px; height: 467px;\" title=\"\u00c4ngsgr\u00e4shoppa (Omocestus viridulus)\" src=\"http:\/\/ngn.nu\/Bilder3\/080730_DSC02160+2156_Graeshoppa_Kompr94_w800.JPG\" alt=\"\u00c4ngsgr\u00e4shoppa (Omocestus viridulus)\" \/><\/td>\n<\/tr>\n<tr>\n<td style=\"font-style: italic; font-size: 80%;\" align=\"left\">\n<div id=\"EXIF\">Stora bilden:<br \/>\n080730 Klockan: 15:07 Br\u00e4nnvidd: 300.0 mm [450 mm] ISO: 200 Slutare: 1\/500 Bl\u00e4ndare: F6.3<br \/>\nKamera: SONY DSLR-A100 Objektiv: 75-300 [35mm: 112,5-450]<br \/>\nInf\u00e4llda bilden:<br \/>\n080730 Klockan: 15:07 Br\u00e4nnvidd: 300.0 mm [450 mm] ISO: 160 Slutare: 1\/500 Bl\u00e4ndare: F6.3<br \/>\nKamera: SONY DSLR-A100 Objektiv: 75-300 [35mm: 112,5-450]<\/div>\n<\/td>\n<\/tr>\n<tr>\n<td>\n<div id=\"ngn_bild_text\">Ekopark Omberg. S\u00f6der om Vadstena.<\/div>\n<\/td>\n<\/tr>\n<\/tbody>\n<\/table>\n","protected":false},"excerpt":{"rendered":"<p>\u00c4ngsgr\u00e4shoppa (Omocestus viridulus) Synd att bilderna blev oskarpa n\u00e4r nu en gr\u00e4shoppa ville posera. Den h\u00e4r arten kan ha en stor variation i sin f\u00e4rg. Stora bilden: 080730 Klockan: 15:07 Br\u00e4nnvidd: 300.0 mm [450 mm] ISO: 200 Slutare: 1\/500 Bl\u00e4ndare: F6.3 Kamera: SONY DSLR-A100 Objektiv: 75-300 [35mm: 112,5-450] Inf\u00e4llda bilden: 080730 Klockan: 15:07 Br\u00e4nnvidd: 300.0 [&hellip;]<\/p>\n","protected":false},"author":1,"featured_media":0,"comment_status":"open","ping_status":"open","sticky":false,"template":"","format":"standard","meta":[],"categories":[378],"tags":[376,364],"_links":{"self":[{"href":"http:\/\/bilder.ngn.nu\/index.php\/wp-json\/wp\/v2\/posts\/338"}],"collection":[{"href":"http:\/\/bilder.ngn.nu\/index.php\/wp-json\/wp\/v2\/posts"}],"about":[{"href":"http:\/\/bilder.ngn.nu\/index.php\/wp-json\/wp\/v2\/types\/post"}],"author":[{"embeddable":true,"href":"http:\/\/bilder.ngn.nu\/index.php\/wp-json\/wp\/v2\/users\/1"}],"replies":[{"embeddable":true,"href":"http:\/\/bilder.ngn.nu\/index.php\/wp-json\/wp\/v2\/comments?post=338"}],"version-history":[{"count":0,"href":"http:\/\/bilder.ngn.nu\/index.php\/wp-json\/wp\/v2\/posts\/338\/revisions"}],"wp:attachment":[{"href":"http:\/\/bilder.ngn.nu\/index.php\/wp-json\/wp\/v2\/media?parent=338"}],"wp:term":[{"taxonomy":"category","embeddable":true,"href":"http:\/\/bilder.ngn.nu\/index.php\/wp-json\/wp\/v2\/categories?post=338"},{"taxonomy":"post_tag","embeddable":true,"href":"http:\/\/bilder.ngn.nu\/index.php\/wp-json\/wp\/v2\/tags?post=338"}],"curies":[{"name":"wp","href":"https:\/\/api.w.org\/{rel}","templated":true}]}}