{"id":360,"date":"2008-09-08T19:00:39","date_gmt":"2008-09-08T17:00:39","guid":{"rendered":"http:\/\/bilder.ngn.nu\/?p=360"},"modified":"2008-09-08T19:00:39","modified_gmt":"2008-09-08T17:00:39","slug":"snigel-6","status":"publish","type":"post","link":"http:\/\/bilder.ngn.nu\/index.php\/2008\/09\/08\/snigel-6\/","title":{"rendered":"Snigel"},"content":{"rendered":"<table style=\"width: 800px;\" border=\"0\">\n<tbody>\n<tr>\n<td>\n<div id=\"ngn_bild_rubrik\"><span style=\"font-weight: bold; font-family: Helvetica,Arial,sans-serif;\">Stor tr\u00e4dg\u00e5rdssnigel <\/span><span style=\"font-family: Times New Roman,Times,serif;\">(<span style=\"font-style: italic;\">Limax maximus<\/span>)<\/span><span style=\"font-family: Times New Roman,Times,serif;\"> <\/span><\/div>\n<\/td>\n<\/tr>\n<tr>\n<td>\n<div id=\"ngn_bild_text_above\">Hittade den h\u00e4r nedanf\u00f6r v\u00e5r spiraltrappa, bor p\u00e5 2:a v\u00e5n.<br \/>\nInte s\u00e5 ofta jag ser dem. Det \u00e4r mest den Spanska skogssnigeln som ses.\n<\/div>\n<\/td>\n<\/tr>\n<tr>\n<td align=\"center\"><img style=\"width: 800px; height: 528px;\" title=\"Stor tr\u00e4dg\u00e5rdssnigel (Limax maximus)\" src=\"http:\/\/www.ngn.nu\/Bilder4\/080908_DSC02326_Snigel_Kompr97_w800.JPG\" alt=\"Stor tr\u00e4dg\u00e5rdssnigel (Limax maximus)\" \/><\/td>\n<\/tr>\n<tr>\n<td style=\"font-style: italic; font-size: 80%;\" align=\"left\">\n<div id=\"EXIF\">080908 Klockan: 09:31 Br\u00e4nnvidd: 6.3 mm [38] ISO: 320 Slutare: 1\/100 Bl\u00e4ndare: F2.8<br \/>\nKamera: SONY CyberShot DSC-W55 Objektiv: 6,3-18,9 [35mm: 38-114]<\/div>\n<\/td>\n<\/tr>\n<tr>\n<td>\n<div id=\"ngn_bild_text\">\n<\/div>\n<\/td>\n<\/tr>\n<tr>\n<td>\n<div id=\"ngn_bild_text_above\">En annan vinkel. Jag skulle vilja kalla den Leopardsnigel.\n<\/div>\n<\/td>\n<\/tr>\n<tr>\n<td><img style=\"width: 800px; height: 578px;\" title=\"Stor tr\u00e4dg\u00e5rdssnigel (Limax maximus)\" src=\"http:\/\/www.ngn.nu\/Bilder4\/080908_DSC02329_Snigel_w800.JPG\" alt=\"Stor tr\u00e4dg\u00e5rdssnigel (Limax maximus)\" \/><\/td>\n<\/tr>\n<tr style=\"font-style: italic;\">\n<td>\n<div id=\"EXIF\"><small>080908 Klockan: 09:32 Br\u00e4nnvidd: 6.3 mm [38] ISO: 400 Slutare: 1\/100 Bl\u00e4ndare: F2.8<br \/>\nKamera: SONY CyberShot DSC-W55 Objektiv: 6,3-18,9 [35mm: 38-114]<\/small><\/div>\n<\/td>\n<\/tr>\n<tr>\n<td>\n<div id=\"ngn_bild_text_above\">\n<\/div>\n<\/td>\n<\/tr>\n<\/tbody>\n<\/table>\n","protected":false},"excerpt":{"rendered":"<p>Stor tr\u00e4dg\u00e5rdssnigel (Limax maximus) Hittade den h\u00e4r nedanf\u00f6r v\u00e5r spiraltrappa, bor p\u00e5 2:a v\u00e5n. Inte s\u00e5 ofta jag ser dem. Det \u00e4r mest den Spanska skogssnigeln som ses. 080908 Klockan: 09:31 Br\u00e4nnvidd: 6.3 mm [38] ISO: 320 Slutare: 1\/100 Bl\u00e4ndare: F2.8 Kamera: SONY CyberShot DSC-W55 Objektiv: 6,3-18,9 [35mm: 38-114] En annan vinkel. Jag skulle vilja [&hellip;]<\/p>\n","protected":false},"author":1,"featured_media":0,"comment_status":"open","ping_status":"open","sticky":false,"template":"","format":"standard","meta":[],"categories":[398],"tags":[243,96],"_links":{"self":[{"href":"http:\/\/bilder.ngn.nu\/index.php\/wp-json\/wp\/v2\/posts\/360"}],"collection":[{"href":"http:\/\/bilder.ngn.nu\/index.php\/wp-json\/wp\/v2\/posts"}],"about":[{"href":"http:\/\/bilder.ngn.nu\/index.php\/wp-json\/wp\/v2\/types\/post"}],"author":[{"embeddable":true,"href":"http:\/\/bilder.ngn.nu\/index.php\/wp-json\/wp\/v2\/users\/1"}],"replies":[{"embeddable":true,"href":"http:\/\/bilder.ngn.nu\/index.php\/wp-json\/wp\/v2\/comments?post=360"}],"version-history":[{"count":0,"href":"http:\/\/bilder.ngn.nu\/index.php\/wp-json\/wp\/v2\/posts\/360\/revisions"}],"wp:attachment":[{"href":"http:\/\/bilder.ngn.nu\/index.php\/wp-json\/wp\/v2\/media?parent=360"}],"wp:term":[{"taxonomy":"category","embeddable":true,"href":"http:\/\/bilder.ngn.nu\/index.php\/wp-json\/wp\/v2\/categories?post=360"},{"taxonomy":"post_tag","embeddable":true,"href":"http:\/\/bilder.ngn.nu\/index.php\/wp-json\/wp\/v2\/tags?post=360"}],"curies":[{"name":"wp","href":"https:\/\/api.w.org\/{rel}","templated":true}]}}