{"id":363,"date":"2008-09-01T12:21:04","date_gmt":"2008-09-01T10:21:04","guid":{"rendered":"http:\/\/bilder.ngn.nu\/?p=363"},"modified":"2009-06-08T18:20:50","modified_gmt":"2009-06-08T16:20:50","slug":"snacka","status":"publish","type":"post","link":"http:\/\/bilder.ngn.nu\/index.php\/2008\/09\/01\/snacka\/","title":{"rendered":"Sn\u00e4cka"},"content":{"rendered":"<table style=\"width: 800px;\" border=\"0\">\n<tbody>\n<tr>\n<td>\n<div id=\"ngn_bild_rubrik\"><span style=\"font-weight: bold; font-family: Helvetica,Arial,sans-serif;\">M\u00f6rk b\u00e4rnstenssn\u00e4cka <\/span><span style=\"font-family: Times New Roman,Times,serif;\">(<span style=\"font-style: italic;\">Succinea pfeifferi<\/span> Succineidae)<\/span><span style=\"font-family: Times New Roman,Times,serif;\"> <\/span><\/div>\n<\/td>\n<\/tr>\n<tr>\n<td>\n<div id=\"ngn_bild_text_above\"><\/div>\n<\/td>\n<\/tr>\n<tr>\n<td style=\"text-align: left;\"><img style=\"width: 800px; height: 587px;\" title=\"M\u00f6rk b\u00e4rnstenssn\u00e4cka (Succinea pfeifferi Succineidae)\" src=\"http:\/\/ngn.nu\/Bilder3\/080901_DSC03697+3702_Snaecka_w800.JPG\" alt=\"M\u00f6rk b\u00e4rnstenssn\u00e4cka (Succinea pfeifferi Succineidae)\" \/><\/td>\n<\/tr>\n<tr>\n<td style=\"font-style: italic; font-size: 80%;\" align=\"left\">\n<div id=\"EXIF\">Stora bilden:<br \/>\n080901 Klockan: 12:01 Br\u00e4nnvidd: 300.0 mm [450 mm] ISO: 125 Slutare: 1\/500 Bl\u00e4ndare: F6.3<br \/>\nKamera: SONY DSLR-A100 Objektiv: 75-300 [35mm: 112,5-450]<br \/>\nInf\u00e4llda bilden:<br \/>\n080901 Klockan: 12:08 Br\u00e4nnvidd: 300.0 mm [450 mm] ISO: 160 Slutare: 1\/500 Bl\u00e4ndare: F6.3<br \/>\nKamera: SONY DSLR-A100 Objektiv: 75-300 [35mm: 112,5-450]<\/div>\n<\/td>\n<\/tr>\n<tr>\n<td>\n<div id=\"ngn_bild_text\"><\/div>\n<\/td>\n<\/tr>\n<\/tbody>\n<\/table>\n","protected":false},"excerpt":{"rendered":"<p>M\u00f6rk b\u00e4rnstenssn\u00e4cka (Succinea pfeifferi Succineidae) Stora bilden: 080901 Klockan: 12:01 Br\u00e4nnvidd: 300.0 mm [450 mm] ISO: 125 Slutare: 1\/500 Bl\u00e4ndare: F6.3 Kamera: SONY DSLR-A100 Objektiv: 75-300 [35mm: 112,5-450] Inf\u00e4llda bilden: 080901 Klockan: 12:08 Br\u00e4nnvidd: 300.0 mm [450 mm] ISO: 160 Slutare: 1\/500 Bl\u00e4ndare: F6.3 Kamera: SONY DSLR-A100 Objektiv: 75-300 [35mm: 112,5-450]<\/p>\n","protected":false},"author":1,"featured_media":0,"comment_status":"open","ping_status":"open","sticky":false,"template":"","format":"standard","meta":[],"categories":[403],"tags":[69],"_links":{"self":[{"href":"http:\/\/bilder.ngn.nu\/index.php\/wp-json\/wp\/v2\/posts\/363"}],"collection":[{"href":"http:\/\/bilder.ngn.nu\/index.php\/wp-json\/wp\/v2\/posts"}],"about":[{"href":"http:\/\/bilder.ngn.nu\/index.php\/wp-json\/wp\/v2\/types\/post"}],"author":[{"embeddable":true,"href":"http:\/\/bilder.ngn.nu\/index.php\/wp-json\/wp\/v2\/users\/1"}],"replies":[{"embeddable":true,"href":"http:\/\/bilder.ngn.nu\/index.php\/wp-json\/wp\/v2\/comments?post=363"}],"version-history":[{"count":0,"href":"http:\/\/bilder.ngn.nu\/index.php\/wp-json\/wp\/v2\/posts\/363\/revisions"}],"wp:attachment":[{"href":"http:\/\/bilder.ngn.nu\/index.php\/wp-json\/wp\/v2\/media?parent=363"}],"wp:term":[{"taxonomy":"category","embeddable":true,"href":"http:\/\/bilder.ngn.nu\/index.php\/wp-json\/wp\/v2\/categories?post=363"},{"taxonomy":"post_tag","embeddable":true,"href":"http:\/\/bilder.ngn.nu\/index.php\/wp-json\/wp\/v2\/tags?post=363"}],"curies":[{"name":"wp","href":"https:\/\/api.w.org\/{rel}","templated":true}]}}