{"id":371,"date":"2008-09-11T22:31:40","date_gmt":"2008-09-11T20:31:40","guid":{"rendered":"http:\/\/bilder.ngn.nu\/?p=371"},"modified":"2009-06-08T18:12:28","modified_gmt":"2009-06-08T16:12:28","slug":"mygga-2","status":"publish","type":"post","link":"http:\/\/bilder.ngn.nu\/index.php\/2008\/09\/11\/mygga-2\/","title":{"rendered":"Mygga"},"content":{"rendered":"<table style=\"width: 800px;\" border=\"0\">\n<tbody>\n<tr>\n<td>\n<div id=\"ngn_bild_rubrik\"><span style=\"font-weight: bold; font-family: Helvetica,Arial,sans-serif;\">Sorgmygga <\/span><span style=\"font-family: Times New Roman,Times,serif;\">(<span style=\"font-style: italic;\">Sciara thomae<\/span> Scaridae)<\/span><span style=\"font-family: Times New Roman,Times,serif;\"> <\/span><\/div>\n<\/td>\n<\/tr>\n<tr>\n<td>\n<div id=\"ngn_bild_text\">Den h\u00e4r &#8217;besten&#8217; \u00e4r en s\u00e5dan d\u00e4r liten fluga som brukar sv\u00e4rma upp ur blomkrukor som blivit sk\u00f6tta p\u00e5 ett s\u00e4tt som inte \u00e4r bra f\u00f6r blomman men desto b\u00e4ttre f\u00f6r de h\u00e4r sm\u00e5 svarta sm\u00e5ttingarna.<\/div>\n<\/td>\n<\/tr>\n<tr>\n<td>\n<div id=\"ngn_bild_text_above\">Storleken \u00e4r v\u00e4l ett par, tre mm, max.<\/div>\n<\/td>\n<\/tr>\n<tr>\n<td style=\"text-align: left;\"><img style=\"width: 506px; height: 600px;\" title=\"Sorgmygga (Sciara thomae Scaridae)\" src=\"http:\/\/ngn.nu\/Bilder3\/080911_DSC04138_Mygga_Kompr94_h600.JPG\" alt=\"Sorgmygga (Sciara thomae Scaridae)\" \/><\/td>\n<\/tr>\n<tr>\n<td style=\"font-style: italic; font-size: 80%;\" align=\"left\">\n<div id=\"EXIF\">080911 Klockan: 15:36 Blixt: Ja Br\u00e4nnvidd: 105.0 mm [157 mm] ISO: 100 Slutare: 1\/125 Bl\u00e4ndare: F16.0<br \/>\nKamera: SONY DSLR-A100 Objektiv: Sigma 105 [35mm: 157] makro<\/div>\n<\/td>\n<\/tr>\n<tr>\n<td>\n<div id=\"ngn_bild_text\">Hade ju \u00f6nskat att jag hunnit med att rikta en belysning liksom rakt mot v\u00e4gen och ta samma bild. Nu \u00e4r det l\u00f6gn att se detaljerna p\u00e5 huvudet.<\/div>\n<\/td>\n<\/tr>\n<\/tbody>\n<\/table>\n","protected":false},"excerpt":{"rendered":"<p>Sorgmygga (Sciara thomae Scaridae) Den h\u00e4r &#8217;besten&#8217; \u00e4r en s\u00e5dan d\u00e4r liten fluga som brukar sv\u00e4rma upp ur blomkrukor som blivit sk\u00f6tta p\u00e5 ett s\u00e4tt som inte \u00e4r bra f\u00f6r blomman men desto b\u00e4ttre f\u00f6r de h\u00e4r sm\u00e5 svarta sm\u00e5ttingarna. Storleken \u00e4r v\u00e4l ett par, tre mm, max. 080911 Klockan: 15:36 Blixt: Ja Br\u00e4nnvidd: 105.0 [&hellip;]<\/p>\n","protected":false},"author":1,"featured_media":0,"comment_status":"open","ping_status":"open","sticky":false,"template":"","format":"standard","meta":[],"categories":[409],"tags":[243,96],"_links":{"self":[{"href":"http:\/\/bilder.ngn.nu\/index.php\/wp-json\/wp\/v2\/posts\/371"}],"collection":[{"href":"http:\/\/bilder.ngn.nu\/index.php\/wp-json\/wp\/v2\/posts"}],"about":[{"href":"http:\/\/bilder.ngn.nu\/index.php\/wp-json\/wp\/v2\/types\/post"}],"author":[{"embeddable":true,"href":"http:\/\/bilder.ngn.nu\/index.php\/wp-json\/wp\/v2\/users\/1"}],"replies":[{"embeddable":true,"href":"http:\/\/bilder.ngn.nu\/index.php\/wp-json\/wp\/v2\/comments?post=371"}],"version-history":[{"count":0,"href":"http:\/\/bilder.ngn.nu\/index.php\/wp-json\/wp\/v2\/posts\/371\/revisions"}],"wp:attachment":[{"href":"http:\/\/bilder.ngn.nu\/index.php\/wp-json\/wp\/v2\/media?parent=371"}],"wp:term":[{"taxonomy":"category","embeddable":true,"href":"http:\/\/bilder.ngn.nu\/index.php\/wp-json\/wp\/v2\/categories?post=371"},{"taxonomy":"post_tag","embeddable":true,"href":"http:\/\/bilder.ngn.nu\/index.php\/wp-json\/wp\/v2\/tags?post=371"}],"curies":[{"name":"wp","href":"https:\/\/api.w.org\/{rel}","templated":true}]}}