{"id":372,"date":"2008-09-12T23:47:42","date_gmt":"2008-09-12T21:47:42","guid":{"rendered":"http:\/\/bilder.ngn.nu\/?p=372"},"modified":"2009-06-08T18:12:00","modified_gmt":"2009-06-08T16:12:00","slug":"mygga-3","status":"publish","type":"post","link":"http:\/\/bilder.ngn.nu\/index.php\/2008\/09\/12\/mygga-3\/","title":{"rendered":"Mygga"},"content":{"rendered":"<table style=\"width: 800px;\" border=\"0\">\n<tbody>\n<tr>\n<td>\n<div id=\"ngn_bild_rubrik\"><span style=\"font-weight: bold; font-family: Helvetica,Arial,sans-serif;\">Vanlig stickmygga, liten husmygga <\/span><span style=\"font-family: Times New Roman,Times,serif;\">(<span style=\"font-style: italic;\">Culex pipiens<\/span> Culicidae)<\/span><span style=\"font-family: Times New Roman,Times,serif;\"> <\/span><\/div>\n<\/td>\n<\/tr>\n<tr>\n<td>\n<div id=\"ngn_bild_text_above\">Kolla vad jag hittade! Just det, myggan fr\u00e5n 10\/9-08. Det \u00e4r s\u00e4kert samma, tycker jag k\u00e4nner igen den&#8230;<\/div>\n<\/td>\n<\/tr>\n<tr>\n<td style=\"text-align: left;\"><img style=\"width: 800px; height: 479px;\" title=\"Vanlig stickmygga, liten husmygga (Culex pipiens Culicidae)\" src=\"http:\/\/ngn.nu\/Bilder3\/080912_DSC04204+4207_Mygga_w800.JPG\" alt=\"Vanlig stickmygga, liten husmygga (Culex pipiens Culicidae)\" \/><\/td>\n<\/tr>\n<tr>\n<td style=\"font-style: italic; font-size: 80%;\" align=\"left\">\n<div id=\"EXIF\">080911 Klockan: 15:36 Blixt: Ja Br\u00e4nnvidd: 105.0 mm [157 mm] ISO: 100 Slutare: 1\/125 Bl\u00e4ndare: F16.0<br \/>\nKamera: SONY DSLR-A100 Objektiv: Sigma 105 [35mm: 157] makro<\/div>\n<\/td>\n<\/tr>\n<tr>\n<td>\n<div id=\"ngn_bild_text\">Bildkvaliteten \u00e4r tyv\u00e4rr urusel s\u00e5 en n\u00e4rmare identifiering \u00e4r utesluten. H\u00e4r g\u00e5r vi p\u00e5 k\u00e4nsla&#8230;<\/div>\n<\/td>\n<\/tr>\n<\/tbody>\n<\/table>\n","protected":false},"excerpt":{"rendered":"<p>Vanlig stickmygga, liten husmygga (Culex pipiens Culicidae) Kolla vad jag hittade! Just det, myggan fr\u00e5n 10\/9-08. Det \u00e4r s\u00e4kert samma, tycker jag k\u00e4nner igen den&#8230; 080911 Klockan: 15:36 Blixt: Ja Br\u00e4nnvidd: 105.0 mm [157 mm] ISO: 100 Slutare: 1\/125 Bl\u00e4ndare: F16.0 Kamera: SONY DSLR-A100 Objektiv: Sigma 105 [35mm: 157] makro Bildkvaliteten \u00e4r tyv\u00e4rr urusel s\u00e5 [&hellip;]<\/p>\n","protected":false},"author":1,"featured_media":0,"comment_status":"open","ping_status":"open","sticky":false,"template":"","format":"standard","meta":[],"categories":[402],"tags":[243,96],"_links":{"self":[{"href":"http:\/\/bilder.ngn.nu\/index.php\/wp-json\/wp\/v2\/posts\/372"}],"collection":[{"href":"http:\/\/bilder.ngn.nu\/index.php\/wp-json\/wp\/v2\/posts"}],"about":[{"href":"http:\/\/bilder.ngn.nu\/index.php\/wp-json\/wp\/v2\/types\/post"}],"author":[{"embeddable":true,"href":"http:\/\/bilder.ngn.nu\/index.php\/wp-json\/wp\/v2\/users\/1"}],"replies":[{"embeddable":true,"href":"http:\/\/bilder.ngn.nu\/index.php\/wp-json\/wp\/v2\/comments?post=372"}],"version-history":[{"count":0,"href":"http:\/\/bilder.ngn.nu\/index.php\/wp-json\/wp\/v2\/posts\/372\/revisions"}],"wp:attachment":[{"href":"http:\/\/bilder.ngn.nu\/index.php\/wp-json\/wp\/v2\/media?parent=372"}],"wp:term":[{"taxonomy":"category","embeddable":true,"href":"http:\/\/bilder.ngn.nu\/index.php\/wp-json\/wp\/v2\/categories?post=372"},{"taxonomy":"post_tag","embeddable":true,"href":"http:\/\/bilder.ngn.nu\/index.php\/wp-json\/wp\/v2\/tags?post=372"}],"curies":[{"name":"wp","href":"https:\/\/api.w.org\/{rel}","templated":true}]}}