{"id":405,"date":"2008-08-06T15:28:35","date_gmt":"2008-08-06T13:28:35","guid":{"rendered":"http:\/\/bilder.ngn.nu\/?p=405"},"modified":"2009-06-08T18:54:36","modified_gmt":"2009-06-08T16:54:36","slug":"sandodla","status":"publish","type":"post","link":"http:\/\/bilder.ngn.nu\/index.php\/2008\/08\/06\/sandodla\/","title":{"rendered":"Sand\u00f6dla"},"content":{"rendered":"<table style=\"width: 800px;\" border=\"0\">\n<tbody>\n<tr>\n<td>\n<div id=\"ngn_bild_rubrik\"><span style=\"font-weight: bold; font-family: Helvetica,Arial,sans-serif;\">Sand\u00f6dla<\/span><span style=\"font-family: Times New Roman,Times,serif;\"> <\/span>(<span style=\"font-style: italic;\">Lacerta agilis<\/span>), hona<\/div>\n<\/td>\n<\/tr>\n<tr>\n<td>\n<div id=\"ngn_bild_text\">Storlek: ca 6cm (kan bli upp till ca 22cm)<br \/>\nMycket talar f\u00f6r att detta \u00e4r en sand\u00f6dla men v\u00e4ldigt lik en skogs\u00f6dla (Lacerta vivipara). Det h\u00e4r \u00e4r ett relativt ungt exemplar.<\/div>\n<\/td>\n<\/tr>\n<tr>\n<td>\n<div id=\"ngn_bild_text\">Det h\u00e4r exemplaret skimrar svagt i gr\u00f6nt mot undersidan, det g\u00f6r aldrig skogs\u00f6dlan. Dessutom har jag inte p\u00e5 n\u00e5gon skogs\u00f6dla sett den j\u00e4mna obrutna lite m\u00f6rkbruna randen, med sm\u00e5 vita prickar i, mitt p\u00e5 ryggen. Det har bara sand\u00f6dlor.<\/div>\n<\/td>\n<\/tr>\n<tr>\n<td>\n<div id=\"ngn_bild_text_above\">Dessutom har sand\u00f6dlan st\u00f6rre och &#8217;sattare&#8217; huvud. Hade detta varit en skogs\u00f6dla, i samma \u00e5lder, hade huvudet i st\u00e4llet f\u00f6ljt kroppens avsmalning, fram\u00e5t. P\u00e5 den h\u00e4r individen breddas huvudet i st\u00e4llet. Allts\u00e5 en ung sand\u00f6dlehona. Hade det varit en hane hade den varit mer markant gr\u00f6n p\u00e5 sidorna.<\/div>\n<\/td>\n<\/tr>\n<tr>\n<td style=\"text-align: left;\"><img style=\"width: 800px; height: 525px;\" title=\"Sand\u00f6dla (Lacerta agilis), hona\" src=\"http:\/\/ngn.nu\/Bilder3\/080806_DSC02412_Sandoedla_Kompr94_w800.JPG\" alt=\"[Bild: Sand\u00f6dla (Lacerta agilis), hona]\" \/><\/td>\n<\/tr>\n<tr>\n<td style=\"font-style: italic; font-size: 80%;\" align=\"left\">\n<div id=\"EXIF\">080806 Klockan: 11:52 Br\u00e4nnvidd: 300.0 mm [450 mm] ISO: 100 Slutare: 1\/640 Bl\u00e4ndare: F5.6<br \/>\nKamera: SONY DSLR-A100 Objektiv: 75-300 [35mm: 112,5-450]<\/div>\n<\/td>\n<\/tr>\n<tr>\n<td>\n<div id=\"ngn_bild_text\">Den f\u00f6rsta jag sett. Fast det fattade jag inte f\u00f6rr\u00e4n &#8217;nu&#8217;, n\u00e4r jag granskade bilderna och valde ut den h\u00e4r.<\/div>\n<\/td>\n<\/tr>\n<\/tbody>\n<\/table>\n","protected":false},"excerpt":{"rendered":"<p>Sand\u00f6dla (Lacerta agilis), hona Storlek: ca 6cm (kan bli upp till ca 22cm) Mycket talar f\u00f6r att detta \u00e4r en sand\u00f6dla men v\u00e4ldigt lik en skogs\u00f6dla (Lacerta vivipara). Det h\u00e4r \u00e4r ett relativt ungt exemplar. Det h\u00e4r exemplaret skimrar svagt i gr\u00f6nt mot undersidan, det g\u00f6r aldrig skogs\u00f6dlan. Dessutom har jag inte p\u00e5 n\u00e5gon skogs\u00f6dla [&hellip;]<\/p>\n","protected":false},"author":1,"featured_media":0,"comment_status":"open","ping_status":"open","sticky":false,"template":"","format":"standard","meta":[],"categories":[446],"tags":[445],"_links":{"self":[{"href":"http:\/\/bilder.ngn.nu\/index.php\/wp-json\/wp\/v2\/posts\/405"}],"collection":[{"href":"http:\/\/bilder.ngn.nu\/index.php\/wp-json\/wp\/v2\/posts"}],"about":[{"href":"http:\/\/bilder.ngn.nu\/index.php\/wp-json\/wp\/v2\/types\/post"}],"author":[{"embeddable":true,"href":"http:\/\/bilder.ngn.nu\/index.php\/wp-json\/wp\/v2\/users\/1"}],"replies":[{"embeddable":true,"href":"http:\/\/bilder.ngn.nu\/index.php\/wp-json\/wp\/v2\/comments?post=405"}],"version-history":[{"count":0,"href":"http:\/\/bilder.ngn.nu\/index.php\/wp-json\/wp\/v2\/posts\/405\/revisions"}],"wp:attachment":[{"href":"http:\/\/bilder.ngn.nu\/index.php\/wp-json\/wp\/v2\/media?parent=405"}],"wp:term":[{"taxonomy":"category","embeddable":true,"href":"http:\/\/bilder.ngn.nu\/index.php\/wp-json\/wp\/v2\/categories?post=405"},{"taxonomy":"post_tag","embeddable":true,"href":"http:\/\/bilder.ngn.nu\/index.php\/wp-json\/wp\/v2\/tags?post=405"}],"curies":[{"name":"wp","href":"https:\/\/api.w.org\/{rel}","templated":true}]}}