{"id":412,"date":"2008-08-07T15:23:26","date_gmt":"2008-08-07T13:23:26","guid":{"rendered":"http:\/\/bilder.ngn.nu\/?p=412"},"modified":"2010-05-18T12:47:06","modified_gmt":"2010-05-18T10:47:06","slug":"blommor-2","status":"publish","type":"post","link":"http:\/\/bilder.ngn.nu\/index.php\/2008\/08\/07\/blommor-2\/","title":{"rendered":"Blommor"},"content":{"rendered":"<table style=\"width: 800px;\" border=\"0\">\n<tbody>\n<tr>\n<td>\n<div id=\"ngn_bild_text\">Jag mottager tacksamt information om vad det \u00e4r f\u00f6r blommor.<\/div>\n<\/td>\n<\/tr>\n<tr>\n<td>\n<div id=\"ngn_bild_rubrik\"><span style=\"font-weight: bold; font-family: Helvetica,Arial,sans-serif;\">J\u00e4tteverbena<\/span> <span style=\"font-family: Times New Roman,Times,serif;\">(<em>Verbena Bonariensis<\/em>)<\/span>, troligtvis, enligt kommentator Per Wahl\u00e9n.<\/div>\n<\/td>\n<\/tr>\n<tr>\n<td id=\"ngn_bild_text_above\">Tackar, f\u00f6r hj\u00e4lpen. Per vill egentligen se mer av hela blomman och d\u00e5 speciellt bladen. Kan inte fixa det. Bilden \u00e4r tagen i Helsingborg, p\u00e5 Sofiero och jag bor i V\u00e4nersborg.<\/td>\n<\/tr>\n<tr>\n<td style=\"text-align: left;\"><img style=\"width: 800px; height: 592px;\" title=\"J\u00e4tteverbena (Verbena Bonariensis), troligtvis\" src=\"http:\/\/ngn.nu\/Bilder3\/080807_DSC02515_Blomma_Kompr70_w800.JPG\" alt=\"[Bild: J\u00e4tteverbena (Verbena Bonariensis), troligtvis]\" \/><\/td>\n<\/tr>\n<tr>\n<td style=\"font-style: italic; font-size: 80%;\" align=\"left\">\n<div id=\"EXIF\">080807 Klockan: 10:16 Br\u00e4nnvidd: 105.0 mm [157 mm] ISO: 100 Slutare: 1\/80 Bl\u00e4ndare: F11.0<br \/>\nKamera: SONY DSLR-A100 Objektiv: Sigma 105 [35mm: 157] makro<\/div>\n<\/td>\n<\/tr>\n<tr>\n<td><\/td>\n<\/tr>\n<tr>\n<td>\n<div id=\"ngn_bild_rubrik\"><span style=\"font-weight: bold; font-family: Helvetica,Arial,sans-serif;\">Blomma<\/span><span style=\"font-family: Times New Roman,Times,serif;\"> (?)<\/span><\/div>\n<\/td>\n<\/tr>\n<tr>\n<td><\/td>\n<\/tr>\n<tr>\n<td><img style=\"width: 800px; height: 536px;\" title=\"Blomma (?)\" src=\"http:\/\/ngn.nu\/Bilder3\/080807_DSC02519_Blomma_Kompr94_w800.JPG\" alt=\"[Bild: Blomma (?)]\" \/><\/td>\n<\/tr>\n<tr style=\"font-style: italic;\">\n<td>\n<div id=\"EXIF\"><small>080807 Klockan: 10:17 Br\u00e4nnvidd: 105.0 mm [157 mm] ISO: 100 Slutare: 1\/60 Bl\u00e4ndare: F11.0<br \/>\nKamera: SONY DSLR-A100 Objektiv: Sigma 105 [35mm: 157] makro<\/small><\/div>\n<\/td>\n<\/tr>\n<tr>\n<td><\/td>\n<\/tr>\n<tr>\n<td>\n<div id=\"ngn_bild_rubrik\"><span style=\"font-weight: bold; font-family: Helvetica,Arial,sans-serif;\">Blomma<\/span><span style=\"font-family: Times New Roman,Times,serif;\"> <\/span>(<span style=\"font-style: italic;\">?<\/span>) med bes\u00f6k av <span style=\"font-weight: bold; font-family: Helvetica,Arial,sans-serif;\">Baltblomfluga<\/span><span style=\"font-family: Times New Roman,Times,serif;\"> <\/span>(<span style=\"font-style: italic;\">Episyrphus balteatus<\/span>), flugan \u00e4r suddig.<\/div>\n<\/td>\n<\/tr>\n<tr>\n<td>\n<div id=\"ngn_bild_text_above\">Just Baltblomflugan \u00e4r lite m\u00e4rklig. Den klarar i regel int av att fortplanta sig i det Svenska klimatet. De d\u00f6r ut under vinterarna. M\u00f6jligtvis kan de \u00f6vervintra en mild vinter.<br \/>\nDessutom gillar de inte att flyga \u00f6ver \u00f6ppet vatten &#8211; s\u00e5 hur kommer de hit? Att den inte klarar nordiskt klimat kan l\u00e4sas i: <span style=\"font-style: italic;\">V\u00e5ra Insekter<\/span>, ISBN: 978-91-518-4764-1.<br \/>\nOch i: <span style=\"font-style: italic;\">Insekter i Europa<\/span>, ISBN: 91-34-50918-6, st\u00e5r det att de bildar stora vandringssv\u00e4rmar.<\/div>\n<\/td>\n<\/tr>\n<tr>\n<td><img style=\"width: 800px; height: 636px;\" title=\"Blomma (?) med bes\u00f6k av Baltblomfluga (Episyrphus balteatus), flugan \u00e4r suddig.\" src=\"http:\/\/ngn.nu\/Bilder3\/080807_DSC02526_Blomma+Fluga_Kompr94_w800.JPG\" alt=\"[Bild: Blomma (?) med bes\u00f6k av Baltblomfluga (Episyrphus balteatus), flugan \u00e4r suddig.]\" \/><\/td>\n<\/tr>\n<tr style=\"font-style: italic;\">\n<td>\n<div id=\"EXIF\"><small>080807 Klockan: 10:30 Br\u00e4nnvidd: 105.0 mm [157 mm] ISO: 100 Slutare: 1\/80 Bl\u00e4ndare: F11.0<br \/>\nKamera: SONY DSLR-A100 Objektiv: Sigma 105 [35mm: 157] makro<\/small><\/div>\n<\/td>\n<\/tr>\n<tr>\n<td>\n<div id=\"ngn_bild_text\">Den inf\u00e4llda bilden \u00e4r en f\u00f6rstoring d\u00e4r jag anv\u00e4nt Filtret Oskarp mask; Radie: 5,0. M\u00e4ngd: 0,20. Tr\u00f6skelv\u00e4rde: 0.<\/div>\n<\/td>\n<\/tr>\n<tr>\n<td>\n<div id=\"ngn_bild_rubrik\"><span style=\"font-weight: bold; font-family: Helvetica,Arial,sans-serif;\">Blomma<\/span><span style=\"font-family: Times New Roman,Times,serif;\"> (<span style=\"font-style: italic;\">?<\/span>)<\/span><\/div>\n<\/td>\n<\/tr>\n<tr>\n<td><\/td>\n<\/tr>\n<tr>\n<td><img style=\"width: 800px; height: 536px;\" title=\"Blomma (?)\" src=\"http:\/\/ngn.nu\/Bilder3\/080807_DSC02581_Blomma_Kompr94_w800.JPG\" alt=\"[Bild: Blomma (?)]\" \/><\/td>\n<\/tr>\n<tr style=\"font-style: italic; text-decoration: underline;\">\n<td>\n<div id=\"EXIF\"><small>080807 Klockan: 13:06 Br\u00e4nnvidd: 105.0 mm [157 mm] ISO: 100 Slutare: 1\/160 Bl\u00e4ndare: F11.0<br \/>\nKamera: SONY DSLR-A100 Objektiv: Sigma 105 [35mm: 157] makro<\/small><\/div>\n<\/td>\n<\/tr>\n<tr>\n<td><\/td>\n<\/tr>\n<\/tbody>\n<\/table>\n","protected":false},"excerpt":{"rendered":"<p>Jag mottager tacksamt information om vad det \u00e4r f\u00f6r blommor. J\u00e4tteverbena (Verbena Bonariensis), troligtvis, enligt kommentator Per Wahl\u00e9n. Tackar, f\u00f6r hj\u00e4lpen. Per vill egentligen se mer av hela blomman och d\u00e5 speciellt bladen. Kan inte fixa det. Bilden \u00e4r tagen i Helsingborg, p\u00e5 Sofiero och jag bor i V\u00e4nersborg. 080807 Klockan: 10:16 Br\u00e4nnvidd: 105.0 mm [&hellip;]<\/p>\n","protected":false},"author":1,"featured_media":0,"comment_status":"open","ping_status":"open","sticky":false,"template":"","format":"standard","meta":[],"categories":[454,688,1],"tags":[441,442],"_links":{"self":[{"href":"http:\/\/bilder.ngn.nu\/index.php\/wp-json\/wp\/v2\/posts\/412"}],"collection":[{"href":"http:\/\/bilder.ngn.nu\/index.php\/wp-json\/wp\/v2\/posts"}],"about":[{"href":"http:\/\/bilder.ngn.nu\/index.php\/wp-json\/wp\/v2\/types\/post"}],"author":[{"embeddable":true,"href":"http:\/\/bilder.ngn.nu\/index.php\/wp-json\/wp\/v2\/users\/1"}],"replies":[{"embeddable":true,"href":"http:\/\/bilder.ngn.nu\/index.php\/wp-json\/wp\/v2\/comments?post=412"}],"version-history":[{"count":0,"href":"http:\/\/bilder.ngn.nu\/index.php\/wp-json\/wp\/v2\/posts\/412\/revisions"}],"wp:attachment":[{"href":"http:\/\/bilder.ngn.nu\/index.php\/wp-json\/wp\/v2\/media?parent=412"}],"wp:term":[{"taxonomy":"category","embeddable":true,"href":"http:\/\/bilder.ngn.nu\/index.php\/wp-json\/wp\/v2\/categories?post=412"},{"taxonomy":"post_tag","embeddable":true,"href":"http:\/\/bilder.ngn.nu\/index.php\/wp-json\/wp\/v2\/tags?post=412"}],"curies":[{"name":"wp","href":"https:\/\/api.w.org\/{rel}","templated":true}]}}