{"id":413,"date":"2008-08-07T15:25:36","date_gmt":"2008-08-07T13:25:36","guid":{"rendered":"http:\/\/bilder.ngn.nu\/?p=413"},"modified":"2009-06-08T18:49:54","modified_gmt":"2009-06-08T16:49:54","slug":"flugor-8","status":"publish","type":"post","link":"http:\/\/bilder.ngn.nu\/index.php\/2008\/08\/07\/flugor-8\/","title":{"rendered":"Flugor"},"content":{"rendered":"<table style=\"width: 800px;\" border=\"0\">\n<tbody>\n<tr>\n<td>\n<div id=\"ngn_bild_rubrik\"><span style=\"font-weight: bold; font-family: Helvetica,Arial,sans-serif;\">Guldfluga<\/span><span style=\"font-family: Times New Roman,Times,serif;\"> <\/span>(<span style=\"font-style: italic;\">Lucillia sericata<\/span> Calliphoridae)<\/div>\n<\/td>\n<\/tr>\n<tr>\n<td>\n<div id=\"ngn_bild_text_above\">Storlek: 7-11mm<\/div>\n<\/td>\n<\/tr>\n<tr>\n<td style=\"text-align: left;\"><img style=\"width: 800px; height: 538px;\" title=\"Guldfluga (Lucillia sericata Calliphoridae)\" src=\"http:\/\/ngn.nu\/Bilder3\/080807_DSC02472_Fluga_Kompr94_w800.JPG\" alt=\"[Bild: Guldfluga (Lucillia sericata Calliphoridae)]\" \/><\/td>\n<\/tr>\n<tr>\n<td style=\"font-style: italic; font-size: 80%;\" align=\"left\">\n<div id=\"EXIF\">080807 Klockan: 10:04 Br\u00e4nnvidd: 105.0 mm [157 mm] ISO: 100 Slutare: 1\/160 Bl\u00e4ndare: F11.0<br \/>\nKamera: SONY DSLR-A100 Objektiv: Sigma 105 [35mm: 157] makro<\/div>\n<\/td>\n<\/tr>\n<tr>\n<td><\/td>\n<\/tr>\n<tr>\n<td>\n<div id=\"ngn_bild_rubrik\"><span style=\"font-weight: bold; font-family: Helvetica,Arial,sans-serif;\">Bilik slamfluga<\/span><span style=\"font-family: Times New Roman,Times,serif;\"> <\/span>(<span style=\"font-style: italic;\">Eristalis tenax<\/span> Syrphidae)<\/div>\n<\/td>\n<\/tr>\n<tr>\n<td>\n<div id=\"ngn_bild_text_above\">Storlek: 14-16mm<\/div>\n<\/td>\n<\/tr>\n<tr>\n<td><img style=\"width: 800px; height: 540px;\" title=\"Bilik slamfluga (Eristalis tenax Syrphidae)\" src=\"http:\/\/ngn.nu\/Bilder3\/080807_DSC02492_Fluga_Kompr94_w800.JPG\" alt=\"[Bild: Bilik slamfluga (Eristalis tenax Syrphidae)]\" \/><\/td>\n<\/tr>\n<tr style=\"font-style: italic;\">\n<td>\n<div id=\"EXIF\"><small>080807 Klockan: 10:06 Br\u00e4nnvidd: 105.0 mm [157 mm] ISO: 100 Slutare: 1\/50 Bl\u00e4ndare: F11.0<br \/>\nKamera: SONY DSLR-A100 Objektiv: Sigma 105 [35mm: 157] makro<\/small><\/div>\n<\/td>\n<\/tr>\n<tr>\n<td><\/td>\n<\/tr>\n<tr>\n<td>\n<div id=\"ngn_bild_rubrik\"><span style=\"font-weight: bold; font-family: Helvetica,Arial,sans-serif;\">Kompostblomfluga<\/span><span style=\"font-family: Times New Roman,Times,serif;\"> <\/span>(<span style=\"font-style: italic;\">Syritta pipiens<\/span>)<\/div>\n<\/td>\n<\/tr>\n<tr>\n<td>\n<div id=\"ngn_bild_text_above\">Storlek: 5-7mm.<\/div>\n<\/td>\n<\/tr>\n<tr>\n<td><img style=\"width: 800px; height: 578px;\" title=\"Kompostblomfluga (Syritta pipiens)\" src=\"http:\/\/ngn.nu\/Bilder3\/080807_DSC02529_Fluga_Kompr94_w800.JPG\" alt=\"[Bild: Kompostblomfluga (Syritta pipiens)]\" \/><\/td>\n<\/tr>\n<tr style=\"font-style: italic;\">\n<td>\n<div id=\"EXIF\"><small>080807 Klockan: 10:32 Br\u00e4nnvidd: 105.0 mm [157 mm] ISO: 100 Slutare: 1\/60 Bl\u00e4ndare: F11.0<br \/>\nKamera: SONY DSLR-A100 Objektiv: Sigma 105 [35mm: 157] makro<\/small><\/div>\n<\/td>\n<\/tr>\n<tr>\n<td><\/td>\n<\/tr>\n<tr>\n<td>\n<div id=\"ngn_bild_rubrik\"><span style=\"font-weight: bold; font-family: Helvetica,Arial,sans-serif;\">Bilik slamfluga<\/span><span style=\"font-family: Times New Roman,Times,serif;\"> <\/span>(<span style=\"font-style: italic;\">Eristalis tenax<\/span> Syrphidae)<\/div>\n<\/td>\n<\/tr>\n<tr>\n<td>\n<div id=\"ngn_bild_text_above\">Storlek: 14-16mm<br \/>\nEtt r\u00e4tt s\u00e5 m\u00f6rkt exemplar.<\/div>\n<\/td>\n<\/tr>\n<tr>\n<td><img style=\"width: 800px; height: 605px;\" title=\"Bilik slamfluga (Eristalis tenax Syrphidae)\" src=\"http:\/\/ngn.nu\/Bilder3\/080807_DSC02537_Fluga_Kompr94_w800.JPG\" alt=\"[Bild: Bilik slamfluga (Eristalis tenax Syrphidae)]\" \/><\/td>\n<\/tr>\n<tr style=\"font-style: italic; text-decoration: underline;\">\n<td>\n<div id=\"EXIF\"><small>080807 Klockan: 10:37 Br\u00e4nnvidd: 105.0 mm [157 mm] ISO: 100 Slutare: 1\/30 Bl\u00e4ndare: F11.0<br \/>\nKamera: SONY DSLR-A100 Objektiv: Sigma 105 [35mm: 157] makro<\/small><\/div>\n<\/td>\n<\/tr>\n<tr>\n<td>\n<div id=\"ngn_bild_text\">F\u00f6r att framh\u00e4va flugan mot det n\u00e5got grilliga underlaget. Skapade jag en kopia av bakgrundslagret. P\u00e5 lagerkopian anv\u00e4nde jag sedan Selektiv gaussisk osk\u00e4rpa med v\u00e4rdena; Osk\u00e4rperadie: 50. Max delta: 17. Sedan suddar jag fram flugan, fr\u00e5n bakgrunden. Sedan anv\u00e4nde jag filtret G\u00f6r oskarp, en g\u00e5ng och sl\u00e5r sedan ihop lagren.<\/div>\n<\/td>\n<\/tr>\n<tr>\n<td>\n<div id=\"ngn_bild_rubrik\"><span style=\"font-weight: bold; font-family: Helvetica,Arial,sans-serif;\">Gul hagblomfluga \/ Getinglik blomfluga \/ Vinb\u00e4rsblomfluga<\/span><span style=\"font-family: Times New Roman,Times,serif;\"><br \/>\n<\/span>(Syrphus ribesii Syrphidae) och<span style=\"font-weight: bold; font-family: Helvetica,Arial,sans-serif;\"><br \/>\nHumla<\/span><span style=\"font-family: Times New Roman,Times,serif;\"> <\/span>(Familj: <span style=\"font-style: italic;\">Apidae<\/span>)<\/div>\n<\/td>\n<\/tr>\n<tr>\n<td>\n<div id=\"ngn_bild_text_above\">Storlek (Syrphus ribesii): 9-13mm.<br \/>\nH\u00e4r fick jag faktiskt problem, med denna mycket vanliga blomfluga. I b\u00f6ckerna: &#8217;<span style=\"font-style: italic;\">Insekter i Europa<\/span>&#8217;, ISBN: 91-34-50918-6 och &#8217;<span style=\"font-style: italic;\">V\u00e5ra djur och v\u00e4xter<\/span>&#8217;, ISBN: 91-7160-678-5 \u00e4r den avbildad med facett\u00f6gon som m\u00f6ts t\u00e4tt utmed hela ovansidan av huvudet samt jag kan bara r\u00e4kna till 2 hela gula band p\u00e5 bakkroppen.<br \/>\nI b\u00f6ckerna; &#8217;<span style=\"font-style: italic;\">V\u00e5ra Insekter<\/span>&#8217;, ISBN: 978-91-518-4764-1 och &#8217;<span style=\"font-style: italic;\">Myggor och flugor i f\u00e4rg<\/span>&#8217;, ISBN: 91-20-06213-3 samt &#8217;<span style=\"font-style: italic;\">Den stora insektsboken<\/span>&#8217;, ISBN: 91-550-1544-1 \u00e4r den avbildad med 3 hela synliga gula band p\u00e5 bakkroppen och facett\u00f6gonen m\u00f6ts inte alls utan \u00e4r \u00e5tskiljda av oceller(?), eller n\u00e5t.<br \/>\nI &#8217;<span style=\"font-style: italic;\">Myggor och flugor i f\u00e4rg<\/span>&#8217; kan jag l\u00e4sa att p\u00e5 hannar av blomflugor kan facett\u00f6gonen m\u00f6tas, upptill.<br \/>\nDet kan allts\u00e5 vara s\u00e5 att det \u00e4r olika k\u00f6n? N\u00e5v\u00e4l i s\u00e5 fall \u00e4r det en hona som jag har f\u00e5ngat p\u00e5 bilden.<\/div>\n<\/td>\n<\/tr>\n<tr>\n<td><img style=\"width: 800px; height: 567px;\" title=\"Gul hagblomfluga \/ Getinglik blomfluga \/ Vinb\u00e4rsblomfluga (Syrphus ribesii Syrphidae) och Humla (Familj: Apidae)\" src=\"http:\/\/ngn.nu\/Bilder3\/080807_DSC02570_Stekel+Fluga_Kompr94_w800.JPG\" alt=\"[Bild: Gul hagblomfluga \/ Getinglik blomfluga \/ Vinb\u00e4rsblomfluga (Syrphus ribesii Syrphidae) och Humla (Familj: Apidae)]\" \/><\/td>\n<\/tr>\n<tr style=\"font-style: italic;\">\n<td>\n<div id=\"EXIF\"><small>080807 Klockan: 10:54 Br\u00e4nnvidd: 105.0 mm [157 mm] ISO: 100 Slutare: 1\/200 Bl\u00e4ndare: F11.0<br \/>\nKamera: SONY DSLR-A100 Objektiv: Sigma 105 [35mm: 157] makro<\/small><\/div>\n<\/td>\n<\/tr>\n<tr>\n<td><\/td>\n<\/tr>\n<\/tbody>\n<\/table>\n","protected":false},"excerpt":{"rendered":"<p>Guldfluga (Lucillia sericata Calliphoridae) Storlek: 7-11mm 080807 Klockan: 10:04 Br\u00e4nnvidd: 105.0 mm [157 mm] ISO: 100 Slutare: 1\/160 Bl\u00e4ndare: F11.0 Kamera: SONY DSLR-A100 Objektiv: Sigma 105 [35mm: 157] makro Bilik slamfluga (Eristalis tenax Syrphidae) Storlek: 14-16mm 080807 Klockan: 10:06 Br\u00e4nnvidd: 105.0 mm [157 mm] ISO: 100 Slutare: 1\/50 Bl\u00e4ndare: F11.0 Kamera: SONY DSLR-A100 Objektiv: Sigma [&hellip;]<\/p>\n","protected":false},"author":1,"featured_media":0,"comment_status":"open","ping_status":"open","sticky":false,"template":"","format":"standard","meta":[],"categories":[455,297,257,456,1],"tags":[441,442],"_links":{"self":[{"href":"http:\/\/bilder.ngn.nu\/index.php\/wp-json\/wp\/v2\/posts\/413"}],"collection":[{"href":"http:\/\/bilder.ngn.nu\/index.php\/wp-json\/wp\/v2\/posts"}],"about":[{"href":"http:\/\/bilder.ngn.nu\/index.php\/wp-json\/wp\/v2\/types\/post"}],"author":[{"embeddable":true,"href":"http:\/\/bilder.ngn.nu\/index.php\/wp-json\/wp\/v2\/users\/1"}],"replies":[{"embeddable":true,"href":"http:\/\/bilder.ngn.nu\/index.php\/wp-json\/wp\/v2\/comments?post=413"}],"version-history":[{"count":0,"href":"http:\/\/bilder.ngn.nu\/index.php\/wp-json\/wp\/v2\/posts\/413\/revisions"}],"wp:attachment":[{"href":"http:\/\/bilder.ngn.nu\/index.php\/wp-json\/wp\/v2\/media?parent=413"}],"wp:term":[{"taxonomy":"category","embeddable":true,"href":"http:\/\/bilder.ngn.nu\/index.php\/wp-json\/wp\/v2\/categories?post=413"},{"taxonomy":"post_tag","embeddable":true,"href":"http:\/\/bilder.ngn.nu\/index.php\/wp-json\/wp\/v2\/tags?post=413"}],"curies":[{"name":"wp","href":"https:\/\/api.w.org\/{rel}","templated":true}]}}