{"id":431,"date":"2008-10-18T17:10:32","date_gmt":"2008-10-18T15:10:32","guid":{"rendered":"http:\/\/bilder.ngn.nu\/?p=431"},"modified":"2008-10-22T17:27:23","modified_gmt":"2008-10-22T15:27:23","slug":"myra","status":"publish","type":"post","link":"http:\/\/bilder.ngn.nu\/index.php\/2008\/10\/18\/myra\/","title":{"rendered":"Myra"},"content":{"rendered":"<table style=\"width: 800px;\" border=\"0\">\n<tbody>\n<tr>\n<td>\n<div id=\"ngn_bild_rubrik\"><span style=\"font-weight: bold; font-family: Helvetica,Arial,sans-serif;\">Svartmyra <\/span><span style=\"font-family: Times New Roman,Times,serif;\">(<span style=\"font-style: italic;\">Lasius niger<\/span>)<\/span><span style=\"font-family: Times New Roman,Times,serif;\"> <\/span><\/div>\n<\/td>\n<\/tr>\n<tr>\n<td>\n<div id=\"ngn_bild_text_above\">Storlek: 3-5mm<br \/>\nOrdning: Steklar (Hymenoptera)<br \/>\nDen h\u00e4r var lika l\u00e4ttf\u00e5ngad p\u00e5 bild som <a href=\"http:\/\/bilder.ngn.nu\/index.php\/2008\/10\/18\/skalbagge-9\/#Kortvinge\" target=\"_blank\">kortvingen<\/a> (tagen vid samma tillf\u00e4lle).<\/div>\n<\/td>\n<\/tr>\n<tr>\n<td style=\"text-align: left;\"><img style=\"width: 800px; height: 598px;\" title=\"Svartmyra (Lasius niger)\" src=\"http:\/\/ngn.nu\/Bilder4\/081018_DSC04977_Myra_Kompr94_w800.JPG\" alt=\"[Bild: Svartmyra (Lasius niger)]\" \/><\/td>\n<\/tr>\n<tr>\n<td style=\"font-style: italic; font-size: 80%;\" align=\"left\">\n<div id=\"EXIF\">081018 Klockan: 14:24 Br\u00e4nnvidd: 105.0 mm [157 mm] ISO: 100 Slutare: 1\/125 Bl\u00e4ndare: F6.3<br \/>\nKamera: SONY DSLR-A100 Objektiv: Sigma 105 [35mm: 157] makro<\/div>\n<\/td>\n<\/tr>\n<tr>\n<td>\n<div id=\"ngn_bild_text\">N\u00e5got oskarp s\u00e5 jag anv\u00e4nde filtret: Oskarp mask.<\/div>\n<\/td>\n<\/tr>\n<\/tbody>\n<\/table>\n","protected":false},"excerpt":{"rendered":"<p>Svartmyra (Lasius niger) Storlek: 3-5mm Ordning: Steklar (Hymenoptera) Den h\u00e4r var lika l\u00e4ttf\u00e5ngad p\u00e5 bild som kortvingen (tagen vid samma tillf\u00e4lle). 081018 Klockan: 14:24 Br\u00e4nnvidd: 105.0 mm [157 mm] ISO: 100 Slutare: 1\/125 Bl\u00e4ndare: F6.3 Kamera: SONY DSLR-A100 Objektiv: Sigma 105 [35mm: 157] makro N\u00e5got oskarp s\u00e5 jag anv\u00e4nde filtret: Oskarp mask.<\/p>\n","protected":false},"author":1,"featured_media":0,"comment_status":"open","ping_status":"open","sticky":false,"template":"","format":"standard","meta":[],"categories":[100],"tags":[358,478],"_links":{"self":[{"href":"http:\/\/bilder.ngn.nu\/index.php\/wp-json\/wp\/v2\/posts\/431"}],"collection":[{"href":"http:\/\/bilder.ngn.nu\/index.php\/wp-json\/wp\/v2\/posts"}],"about":[{"href":"http:\/\/bilder.ngn.nu\/index.php\/wp-json\/wp\/v2\/types\/post"}],"author":[{"embeddable":true,"href":"http:\/\/bilder.ngn.nu\/index.php\/wp-json\/wp\/v2\/users\/1"}],"replies":[{"embeddable":true,"href":"http:\/\/bilder.ngn.nu\/index.php\/wp-json\/wp\/v2\/comments?post=431"}],"version-history":[{"count":0,"href":"http:\/\/bilder.ngn.nu\/index.php\/wp-json\/wp\/v2\/posts\/431\/revisions"}],"wp:attachment":[{"href":"http:\/\/bilder.ngn.nu\/index.php\/wp-json\/wp\/v2\/media?parent=431"}],"wp:term":[{"taxonomy":"category","embeddable":true,"href":"http:\/\/bilder.ngn.nu\/index.php\/wp-json\/wp\/v2\/categories?post=431"},{"taxonomy":"post_tag","embeddable":true,"href":"http:\/\/bilder.ngn.nu\/index.php\/wp-json\/wp\/v2\/tags?post=431"}],"curies":[{"name":"wp","href":"https:\/\/api.w.org\/{rel}","templated":true}]}}