{"id":449,"date":"2009-03-17T19:01:12","date_gmt":"2009-03-17T17:01:12","guid":{"rendered":"http:\/\/bilder.ngn.nu\/?p=449"},"modified":"2009-03-17T19:01:12","modified_gmt":"2009-03-17T17:01:12","slug":"myra-2","status":"publish","type":"post","link":"http:\/\/bilder.ngn.nu\/index.php\/2009\/03\/17\/myra-2\/","title":{"rendered":"Myra"},"content":{"rendered":"<table style=\"width: 800px;\" border=\"0\">\n<tbody>\n<tr>\n<td>\n<div id=\"ngn_bild_rubrik\"><span style=\"font-weight: bold; font-family: Helvetica,Arial,sans-serif;\">Svart tuvmyra <\/span><span style=\"font-family: Times New Roman,Times,serif;\">(<em>Lasius niger<\/em>)<\/span><span style=\"font-family: Times New Roman,Times,serif;\"> <\/span><\/div>\n<\/td>\n<\/tr>\n<tr>\n<td>\n<div id=\"ngn_bild_text_above\">Det var inte mycket liv i naturen som visade att v\u00e5ren var p\u00e5 v\u00e4g. Under en av &#8217;mina pl\u00e5tar&#8217; hittade jag den h\u00e4r.<br \/>\nDen syns l\u00e4ngst ned till h\u00f6ger i bild (inget vidare bra sk\u00e4rpa).\n<\/div>\n<\/td>\n<\/tr>\n<tr>\n<td style=\"text-align: left;\"><img loading=\"lazy\" style=\"width: 800px; height: 580px;\" title=\"Svart tuvmyra (Lasius niger)\" src=\"http:\/\/ngn.nu\/Bilder4\/090317_DSC02618_Svartmyra_Kompr90_w800.JPG\" alt=\"[Bild: Svart tuvmyra (Lasius niger)]\" width=\"800\" height=\"582\" \/><\/td>\n<\/tr>\n<tr>\n<td style=\"font-style: italic; font-size: 80%;\" align=\"left\">\n<div id=\"EXIF\">090317 Klockan: 12:54 Br\u00e4nnvidd: 6.3 mm [38] ISO: 100 Slutare: 1\/200 Bl\u00e4ndare: F2.8<br \/>\nKamera: SONY CyberShot DSC-W55 Objektiv: 6,3-18,9 [35mm: 38-114]<\/div>\n<\/td>\n<\/tr>\n<tr>\n<td>\n<div id=\"ngn_bild_text\">\n<\/div>\n<\/td>\n<\/tr>\n<\/tbody>\n<\/table>\n","protected":false},"excerpt":{"rendered":"<p>Svart tuvmyra (Lasius niger) Det var inte mycket liv i naturen som visade att v\u00e5ren var p\u00e5 v\u00e4g. Under en av &#8217;mina pl\u00e5tar&#8217; hittade jag den h\u00e4r. Den syns l\u00e4ngst ned till h\u00f6ger i bild (inget vidare bra sk\u00e4rpa). 090317 Klockan: 12:54 Br\u00e4nnvidd: 6.3 mm [38] ISO: 100 Slutare: 1\/200 Bl\u00e4ndare: F2.8 Kamera: SONY CyberShot [&hellip;]<\/p>\n","protected":false},"author":1,"featured_media":0,"comment_status":"open","ping_status":"open","sticky":false,"template":"","format":"standard","meta":[],"categories":[100],"tags":[69,266],"_links":{"self":[{"href":"http:\/\/bilder.ngn.nu\/index.php\/wp-json\/wp\/v2\/posts\/449"}],"collection":[{"href":"http:\/\/bilder.ngn.nu\/index.php\/wp-json\/wp\/v2\/posts"}],"about":[{"href":"http:\/\/bilder.ngn.nu\/index.php\/wp-json\/wp\/v2\/types\/post"}],"author":[{"embeddable":true,"href":"http:\/\/bilder.ngn.nu\/index.php\/wp-json\/wp\/v2\/users\/1"}],"replies":[{"embeddable":true,"href":"http:\/\/bilder.ngn.nu\/index.php\/wp-json\/wp\/v2\/comments?post=449"}],"version-history":[{"count":0,"href":"http:\/\/bilder.ngn.nu\/index.php\/wp-json\/wp\/v2\/posts\/449\/revisions"}],"wp:attachment":[{"href":"http:\/\/bilder.ngn.nu\/index.php\/wp-json\/wp\/v2\/media?parent=449"}],"wp:term":[{"taxonomy":"category","embeddable":true,"href":"http:\/\/bilder.ngn.nu\/index.php\/wp-json\/wp\/v2\/categories?post=449"},{"taxonomy":"post_tag","embeddable":true,"href":"http:\/\/bilder.ngn.nu\/index.php\/wp-json\/wp\/v2\/tags?post=449"}],"curies":[{"name":"wp","href":"https:\/\/api.w.org\/{rel}","templated":true}]}}