{"id":451,"date":"2009-03-19T23:20:58","date_gmt":"2009-03-19T21:20:58","guid":{"rendered":"http:\/\/bilder.ngn.nu\/?p=451"},"modified":"2009-03-19T23:20:58","modified_gmt":"2009-03-19T21:20:58","slug":"fagel-8","status":"publish","type":"post","link":"http:\/\/bilder.ngn.nu\/index.php\/2009\/03\/19\/fagel-8\/","title":{"rendered":"F\u00e5gel"},"content":{"rendered":"<table style=\"width: 800px;\" border=\"0\">\n<tbody>\n<tr>\n<td>\n<div id=\"ngn_bild_rubrik\"><span style=\"font-weight: bold; font-family: Helvetica,Arial,sans-serif;\">Gr\u00f6nfink <\/span><span style=\"font-family: Times New Roman,Times,serif;\">(<\/span><em><big><span style=\"font-family: Times New Roman,Times,serif;\">Carduelis chloris<\/span><\/big><\/em><span style=\"font-family: Times New Roman,Times,serif;\">), <big>hane?<\/big><\/span><span style=\"font-family: Times New Roman,Times,serif;\"> <\/span><\/div>\n<\/td>\n<\/tr>\n<tr>\n<td>\n<div id=\"ngn_bild_text\">Gick och sm\u00e5spanade, p\u00e5 marken, och f\u00f6r ovanlighetens skull h\u00f6jde jag blicken och fick d\u00e5 se en liten r\u00f6relse i en tr\u00e4dtopp.\n<\/div>\n<\/td>\n<\/tr>\n<tr>\n<td>\n<div id=\"ngn_bild_text_above\">Gr\u00f6nfinken sitter i en grantopp, kanske 10-15 meter h\u00f6g. Jag skriver det f\u00f6r att kunna skylla p\u00e5 fr\u00e5nvaron av perfekt sk\u00e4rpa och s\u00e5 ville jag ju g\u00e4rna ha den lille i en annan vinkel.\n<\/div>\n<\/td>\n<\/tr>\n<tr>\n<td style=\"text-align: left;\"><img loading=\"lazy\" style=\"width: 800px; height: 580px;\" title=\"Gr\u00f6nfink (Carduelis chloris), hane?\" src=\"http:\/\/ngn.nu\/Bilder4\/090319_DSC05161_Groenfink_Kompr70_w800.JPG\" alt=\"[Bild: Gr\u00f6nfink (Carduelis chloris), hane?]\" width=\"800\" height=\"554\" \/><\/td>\n<\/tr>\n<tr>\n<td style=\"font-style: italic; font-size: 80%;\" align=\"left\">\n<div id=\"EXIF\">090319 Klockan: 14:09 Br\u00e4nnvidd: 300.0 mm [450 mm] ISO: 200 Slutare: 1\/500 Bl\u00e4ndare: F5.6<br \/>\nKamera: SONY DSLR-A100 Objektiv: 75-300 [35mm: 112,5-450]<\/div>\n<\/td>\n<\/tr>\n<tr>\n<td>\n<div id=\"ngn_bild_text\">L\u00e4s mer p\u00e5 WikiPedia om <a href=\"http:\/\/sv.wikipedia.org\/wiki\/Gr%C3%B6nfink\" target=\"_blank\">Gr\u00f6nfinken<\/a>.\n<\/div>\n<\/td>\n<\/tr>\n<\/tbody>\n<\/table>\n","protected":false},"excerpt":{"rendered":"<p>Gr\u00f6nfink (Carduelis chloris), hane? Gick och sm\u00e5spanade, p\u00e5 marken, och f\u00f6r ovanlighetens skull h\u00f6jde jag blicken och fick d\u00e5 se en liten r\u00f6relse i en tr\u00e4dtopp. Gr\u00f6nfinken sitter i en grantopp, kanske 10-15 meter h\u00f6g. Jag skriver det f\u00f6r att kunna skylla p\u00e5 fr\u00e5nvaron av perfekt sk\u00e4rpa och s\u00e5 ville jag ju g\u00e4rna ha den [&hellip;]<\/p>\n","protected":false},"author":1,"featured_media":0,"comment_status":"open","ping_status":"open","sticky":false,"template":"","format":"standard","meta":[],"categories":[489],"tags":[69],"_links":{"self":[{"href":"http:\/\/bilder.ngn.nu\/index.php\/wp-json\/wp\/v2\/posts\/451"}],"collection":[{"href":"http:\/\/bilder.ngn.nu\/index.php\/wp-json\/wp\/v2\/posts"}],"about":[{"href":"http:\/\/bilder.ngn.nu\/index.php\/wp-json\/wp\/v2\/types\/post"}],"author":[{"embeddable":true,"href":"http:\/\/bilder.ngn.nu\/index.php\/wp-json\/wp\/v2\/users\/1"}],"replies":[{"embeddable":true,"href":"http:\/\/bilder.ngn.nu\/index.php\/wp-json\/wp\/v2\/comments?post=451"}],"version-history":[{"count":0,"href":"http:\/\/bilder.ngn.nu\/index.php\/wp-json\/wp\/v2\/posts\/451\/revisions"}],"wp:attachment":[{"href":"http:\/\/bilder.ngn.nu\/index.php\/wp-json\/wp\/v2\/media?parent=451"}],"wp:term":[{"taxonomy":"category","embeddable":true,"href":"http:\/\/bilder.ngn.nu\/index.php\/wp-json\/wp\/v2\/categories?post=451"},{"taxonomy":"post_tag","embeddable":true,"href":"http:\/\/bilder.ngn.nu\/index.php\/wp-json\/wp\/v2\/tags?post=451"}],"curies":[{"name":"wp","href":"https:\/\/api.w.org\/{rel}","templated":true}]}}