{"id":453,"date":"2009-04-01T23:17:21","date_gmt":"2009-04-01T21:17:21","guid":{"rendered":"http:\/\/bilder.ngn.nu\/?p=453"},"modified":"2009-04-01T23:17:21","modified_gmt":"2009-04-01T21:17:21","slug":"faglar-2","status":"publish","type":"post","link":"http:\/\/bilder.ngn.nu\/index.php\/2009\/04\/01\/faglar-2\/","title":{"rendered":"F\u00e5glar"},"content":{"rendered":"<table style=\"width: 800px;\" border=\"0\">\n<tbody>\n<tr>\n<td>\n<div id=\"ngn_bild_rubrik\"><span style=\"font-weight: bold; font-family: Helvetica,Arial,sans-serif;\">Talgoxe <\/span><span style=\"font-family: Times New Roman,Times,serif;\">(<\/span><em><span style=\"font-family: Times New Roman,Times,serif;\"><big>Parus major<\/big><\/span><\/em><span style=\"font-family: Times New Roman,Times,serif;\">)<a name=\"Talgoxe\"><\/a><\/span><span style=\"font-family: Times New Roman,Times,serif;\"> <\/span><\/div>\n<\/td>\n<\/tr>\n<tr>\n<td>\n<div id=\"ngn_bild_text_above\">Visar den h\u00e4r bilden endast av den anledningen att det \u00e4r ett bra exempel p\u00e5 \u00f6verexponering. Dels syns det ju p\u00e5 att bilden \u00e4r ljus och p\u00e5 att det i kontrastomr\u00e5dena (m\u00f6rkare-ljust) \u00e4r lila.\n<\/div>\n<\/td>\n<\/tr>\n<tr>\n<td style=\"text-align: left;\"><img loading=\"lazy\" style=\"width: 800px; height: 580px;\" title=\"Talgoxe (Parus major)\" src=\"http:\/\/ngn.nu\/Bilder4\/090401_DSC05259_Talgoxe_Kompr50_w800.JPG\" alt=\"[Bild: Talgoxe (Parus major)]\" width=\"800\" height=\"567\" \/><\/td>\n<\/tr>\n<tr>\n<td style=\"font-style: italic; font-size: 80%;\" align=\"left\">\n<div id=\"EXIF\">090401 Klockan: 11:18 Br\u00e4nnvidd: 300.0 mm [450 mm] ISO: 400 Slutare: 1\/200 Bl\u00e4ndare: F5.6<br \/>\nKamera: SONY DSLR-A100 Objektiv: 75-300 [35mm: 112,5-450]<\/div>\n<\/td>\n<\/tr>\n<tr>\n<td>\n<div id=\"ngn_bild_text\">\n<\/div>\n<\/td>\n<\/tr>\n<tr>\n<td>\n<div id=\"ngn_bild_rubrik\"><span style=\"font-weight: bold; font-family: Helvetica,Arial,sans-serif;\">Gr\u00f6ng\u00f6ling <\/span><span style=\"font-family: Times New Roman,Times,serif;\">(<\/span><em><span style=\"font-family: Times New Roman,Times,serif;\">Picus viridis<\/span><\/em><span style=\"font-family: Times New Roman,Times,serif;\">)<a name=\"Grongoling\"><\/a><\/span><span style=\"font-family: Times New Roman,Times,serif;\"> <\/span><\/div>\n<\/td>\n<\/tr>\n<tr>\n<td>\n<div id=\"ngn_bild_text_above\">Den h\u00e4r var v\u00e4ldigt sv\u00e5r att f\u00e5 en hyfsad bild p\u00e5 \u00f6ver huvudet taget s\u00e5 jag \u00e4r n\u00f6jd med den h\u00e4r. F\u00e5geln sitter ca 15 meter upp i ett tr\u00e4d. Och jag st\u00e5r en bit bort.\n<\/div>\n<\/td>\n<\/tr>\n<tr>\n<td><img loading=\"lazy\" style=\"width: 800px; height: 580px;\" title=\"Gr\u00f6ng\u00f6ling (Picus viridis)\" src=\"http:\/\/ngn.nu\/Bilder4\/090401_DSC05287_Groengoeling_Kompr70_w800.JPG\" alt=\"[Bild:  Gr\u00f6ng\u00f6ling (Picus viridis)]\" width=\"800\" height=\"607\" \/><\/td>\n<\/tr>\n<tr>\n<td>\n<div id=\"EXIF\"><em><small>090401 Klockan: 11:43 Br\u00e4nnvidd: 300.0 mm [450 mm] ISO: 250 Slutare: 1\/500 Bl\u00e4ndare: F5.6<br \/>\nKamera: SONY DSLR-A100 Objektiv: 75-300 [35mm: 112,5-450]<\/small><\/em><\/div>\n<\/td>\n<\/tr>\n<tr>\n<td>\n<div id=\"ngn_bild_text\">\n<\/div>\n<\/td>\n<\/tr>\n<tr>\n<td>\n<div id=\"ngn_bild_rubrik\"><span style=\"font-weight: bold; font-family: Helvetica,Arial,sans-serif;\">Gr\u00e4s\u00e4nder <\/span><span style=\"font-family: Times New Roman,Times,serif;\">(<\/span><em><span style=\"font-family: Times New Roman,Times,serif;\">Anas platyrhynchos<\/span><\/em><span style=\"font-family: Times New Roman,Times,serif;\">), hane &amp; hona<a name=\"And\"><\/a><\/span><span style=\"font-family: Times New Roman,Times,serif;\"> <\/span><\/div>\n<\/td>\n<\/tr>\n<tr>\n<td>\n<div id=\"ngn_bild_text_above\">\u00c4nder \u00e4r f\u00e5glar som jag tycker \u00e4r mysiga. Har ingen aning om vad det kan bero p\u00e5. Kan ha att g\u00f6ra med att jag \u00e4r uppv\u00e4xt i Trollh\u00e4ttan med det vackra Spik\u00f6n och dess f\u00e5gelanl\u00e4ggning.\n<\/div>\n<\/td>\n<\/tr>\n<tr>\n<td><img loading=\"lazy\" style=\"width: 800px; height: 580px;\" title=\"Gr\u00e4s\u00e4nder (Anas platyrhynchos)\" src=\"http:\/\/ngn.nu\/Bilder4\/090401_DSC05271_Aender_Kompr80_w800.JPG\" alt=\"[Bild:  Gr\u00e4s\u00e4nder (Anas platyrhynchos)]\" width=\"800\" height=\"523\" \/><\/td>\n<\/tr>\n<tr>\n<td>\n<div id=\"EXIF\"><em><small>090401 Klockan: 11:37 Br\u00e4nnvidd: 200.0 mm [300 mm] ISO: 100 Slutare: 1\/500 Bl\u00e4ndare: F6.3<br \/>\nKamera: SONY DSLR-A100 Objektiv: 75-300 [35mm: 112,5-450]<\/small><\/em><\/div>\n<\/td>\n<\/tr>\n<tr>\n<td>\n<div id=\"ngn_bild_text\">\n<\/div>\n<\/td>\n<\/tr>\n<\/tbody>\n<\/table>\n","protected":false},"excerpt":{"rendered":"<p>Talgoxe (Parus major) Visar den h\u00e4r bilden endast av den anledningen att det \u00e4r ett bra exempel p\u00e5 \u00f6verexponering. Dels syns det ju p\u00e5 att bilden \u00e4r ljus och p\u00e5 att det i kontrastomr\u00e5dena (m\u00f6rkare-ljust) \u00e4r lila. 090401 Klockan: 11:18 Br\u00e4nnvidd: 300.0 mm [450 mm] ISO: 400 Slutare: 1\/200 Bl\u00e4ndare: F5.6 Kamera: SONY DSLR-A100 Objektiv: [&hellip;]<\/p>\n","protected":false},"author":1,"featured_media":0,"comment_status":"open","ping_status":"open","sticky":false,"template":"","format":"standard","meta":[],"categories":[209,264,130],"tags":[69],"_links":{"self":[{"href":"http:\/\/bilder.ngn.nu\/index.php\/wp-json\/wp\/v2\/posts\/453"}],"collection":[{"href":"http:\/\/bilder.ngn.nu\/index.php\/wp-json\/wp\/v2\/posts"}],"about":[{"href":"http:\/\/bilder.ngn.nu\/index.php\/wp-json\/wp\/v2\/types\/post"}],"author":[{"embeddable":true,"href":"http:\/\/bilder.ngn.nu\/index.php\/wp-json\/wp\/v2\/users\/1"}],"replies":[{"embeddable":true,"href":"http:\/\/bilder.ngn.nu\/index.php\/wp-json\/wp\/v2\/comments?post=453"}],"version-history":[{"count":0,"href":"http:\/\/bilder.ngn.nu\/index.php\/wp-json\/wp\/v2\/posts\/453\/revisions"}],"wp:attachment":[{"href":"http:\/\/bilder.ngn.nu\/index.php\/wp-json\/wp\/v2\/media?parent=453"}],"wp:term":[{"taxonomy":"category","embeddable":true,"href":"http:\/\/bilder.ngn.nu\/index.php\/wp-json\/wp\/v2\/categories?post=453"},{"taxonomy":"post_tag","embeddable":true,"href":"http:\/\/bilder.ngn.nu\/index.php\/wp-json\/wp\/v2\/tags?post=453"}],"curies":[{"name":"wp","href":"https:\/\/api.w.org\/{rel}","templated":true}]}}