{"id":475,"date":"2009-04-14T19:56:42","date_gmt":"2009-04-14T17:56:42","guid":{"rendered":"http:\/\/bilder.ngn.nu\/?p=475"},"modified":"2009-04-14T19:56:42","modified_gmt":"2009-04-14T17:56:42","slug":"faglar-7","status":"publish","type":"post","link":"http:\/\/bilder.ngn.nu\/index.php\/2009\/04\/14\/faglar-7\/","title":{"rendered":"F\u00e5glar"},"content":{"rendered":"<table style=\"width: 800px;\" border=\"0\">\n<tbody>\n<tr>\n<td>\n<div id=\"ngn_bild_rubrik\"><strong>Kn\u00f6lsvan<em> <\/em><\/strong><em>(Cygnus olor)<a name=\"Knolsvan\"><\/a><\/em><\/div>\n<\/td>\n<\/tr>\n<tr>\n<td>\n<div id=\"ngn_bild_text_above\">Hustrun gillar inte svanar. Hon har jobbat som servitris vid Skr\u00e4cklestugan.<br \/>\nJag tycker att det \u00e4r st\u00e5tliga och m\u00e4ktiga samt vackra djur.\n<\/div>\n<\/td>\n<\/tr>\n<tr>\n<td><img loading=\"lazy\" title=\"Kn\u00f6lsvan (Cygnus olor)\" src=\"http:\/\/ngn.nu\/Bilder4\/090414_DSC05980_Svanpar_Kompr70_w800.JPG\" alt=\"[Bild: Kn\u00f6lsvan (Cygnus olor)]\" width=\"800\" height=\"490\" \/><\/td>\n<\/tr>\n<tr>\n<td>\n<div id=\"EXIF\"><small><em>090414 Klockan: 09:42 Br\u00e4nnvidd: 300.0 mm [450 mm] ISO: 160 Slutare: 1\/500 Bl\u00e4ndare: F5.6<br \/>\nKamera: SONY DSLR-A100 Objektiv: 75-300 [35mm: 112,5-450]<\/em><\/small><\/div>\n<\/td>\n<\/tr>\n<tr>\n<td>\n<div id=\"ngn_bild_text\">\n<\/div>\n<\/td>\n<\/tr>\n<tr>\n<td>\n<div id=\"ngn_bild_rubrik\"><strong>Gr\u00e4sand<\/strong> (<em>Anas platyrhynchos<\/em>)<em><a name=\"And\"><\/a><\/em><\/div>\n<\/td>\n<\/tr>\n<tr>\n<td>\n<div id=\"ngn_bild_text_above\">Skr\u00e4mde slag p\u00e5 den h\u00e4r men hann att f\u00e5 en bra bild.<br \/>\nDen h\u00e4r bilden har jag manipulerat i tv\u00e5 omg\u00e5ngar. F\u00f6rutom att den \u00e4r beskuren.<br \/>\nF\u00f6rst anv\u00e4nde jag lagermask och niv\u00e5er f\u00f6r att f\u00e5 b\u00e4ttre ljushet p\u00e5 huvudet.<br \/>\nI andra omg\u00e5ngen anv\u00e4nde jag lagermask och osk\u00e4rpa f\u00f6r att f\u00e5 mer fokus p\u00e5 f\u00e5geln. V\u00e4xtligheten gjorde jag allts\u00e5 lite suddigare.\n<\/div>\n<\/td>\n<\/tr>\n<tr>\n<td><img loading=\"lazy\" title=\"Gr\u00e4sand (Anas platyrhynchos)\" src=\"http:\/\/ngn.nu\/Bilder4\/090414_DSC06009_And_Oskarp-Mask+Nivaer_Kompr70_w800.JPG\" alt=\"[Bild: Gr\u00e4sand (Anas platyrhynchos)]\" width=\"800\" height=\"562\" \/><\/td>\n<\/tr>\n<tr>\n<td>\n<div id=\"EXIF\"><small><em>090414 Klockan: 10:02 Br\u00e4nnvidd: 300.0 mm [450 mm] ISO: 800 Slutare: 1\/200 Bl\u00e4ndare: F5.6<br \/>\nKamera: SONY DSLR-A100 Objektiv: 75-300 [35mm: 112,5-450]<\/em><\/small><\/div>\n<\/td>\n<\/tr>\n<tr>\n<td>\n<div id=\"ngn_bild_text\">Och sedan blev den j\u00e4tter\u00e4dd.\n<\/div>\n<\/td>\n<\/tr>\n<tr>\n<td><img loading=\"lazy\" title=\"Gr\u00e4sand (Anas platyrhynchos)\" src=\"http:\/\/ngn.nu\/Bilder4\/090414_DSC06010_And_Kompr70_w800.JPG\" alt=\"[Bild: Gr\u00e4sand (Anas platyrhynchos)]\" width=\"800\" height=\"562\" \/><\/td>\n<\/tr>\n<tr>\n<td>\n<div id=\"EXIF\"><small><em>090414 Klockan: 10:02 Br\u00e4nnvidd: 300.0 mm [450 mm] ISO: 800 Slutare: 1\/125 Bl\u00e4ndare: F5.6<br \/>\nKamera: SONY DSLR-A100 Objektiv: 75-300 [35mm: 112,5-450]<\/em><\/small><\/div>\n<\/td>\n<\/tr>\n<tr>\n<td>\n<div id=\"ngn_bild_text\">\n<\/div>\n<\/td>\n<\/tr>\n<tr>\n<td>\n<div id=\"ngn_bild_rubrik\"><strong>Kanadag\u00e5s<\/strong> (<em>Branta canadensis<\/em>)<em><a name=\"Kanadagas\"><\/a><\/em><\/div>\n<\/td>\n<\/tr>\n<tr>\n<td>\n<div id=\"ngn_bild_text_above\">H\u00f6rde dem komma, lyckades f\u00e5 ett par dugliga bilder. H\u00e4r \u00e4r en av dem.\n<\/div>\n<\/td>\n<\/tr>\n<tr>\n<td><img loading=\"lazy\" title=\"Kanadag\u00e5s (Branta canadensis)\" src=\"http:\/\/ngn.nu\/Bilder4\/090414_DSC06017_Kanadagas_Kompr70_w800.JPG\" alt=\"[Bild: Kanadag\u00e5s (Branta canadensis)]\" width=\"800\" height=\"501\" \/><\/td>\n<\/tr>\n<tr>\n<td>\n<div id=\"EXIF\"><small><em>090414 Klockan: 10:13 Br\u00e4nnvidd: 300.0 mm [450 mm] ISO: 800 Slutare: 1\/500 Bl\u00e4ndare: F5.6<br \/>\nKamera: SONY DSLR-A100 Objektiv: 75-300 [35mm: 112,5-450]<\/em><\/small><\/div>\n<\/td>\n<\/tr>\n<tr>\n<td>\n<div id=\"ngn_bild_text\">\n<\/div>\n<\/td>\n<\/tr>\n<\/tbody>\n<\/table>\n","protected":false},"excerpt":{"rendered":"<p>Kn\u00f6lsvan (Cygnus olor) Hustrun gillar inte svanar. Hon har jobbat som servitris vid Skr\u00e4cklestugan. Jag tycker att det \u00e4r st\u00e5tliga och m\u00e4ktiga samt vackra djur. 090414 Klockan: 09:42 Br\u00e4nnvidd: 300.0 mm [450 mm] ISO: 160 Slutare: 1\/500 Bl\u00e4ndare: F5.6 Kamera: SONY DSLR-A100 Objektiv: 75-300 [35mm: 112,5-450] Gr\u00e4sand (Anas platyrhynchos) Skr\u00e4mde slag p\u00e5 den h\u00e4r men [&hellip;]<\/p>\n","protected":false},"author":1,"featured_media":0,"comment_status":"open","ping_status":"open","sticky":false,"template":"","format":"standard","meta":[],"categories":[209,83,341],"tags":[131,69],"_links":{"self":[{"href":"http:\/\/bilder.ngn.nu\/index.php\/wp-json\/wp\/v2\/posts\/475"}],"collection":[{"href":"http:\/\/bilder.ngn.nu\/index.php\/wp-json\/wp\/v2\/posts"}],"about":[{"href":"http:\/\/bilder.ngn.nu\/index.php\/wp-json\/wp\/v2\/types\/post"}],"author":[{"embeddable":true,"href":"http:\/\/bilder.ngn.nu\/index.php\/wp-json\/wp\/v2\/users\/1"}],"replies":[{"embeddable":true,"href":"http:\/\/bilder.ngn.nu\/index.php\/wp-json\/wp\/v2\/comments?post=475"}],"version-history":[{"count":0,"href":"http:\/\/bilder.ngn.nu\/index.php\/wp-json\/wp\/v2\/posts\/475\/revisions"}],"wp:attachment":[{"href":"http:\/\/bilder.ngn.nu\/index.php\/wp-json\/wp\/v2\/media?parent=475"}],"wp:term":[{"taxonomy":"category","embeddable":true,"href":"http:\/\/bilder.ngn.nu\/index.php\/wp-json\/wp\/v2\/categories?post=475"},{"taxonomy":"post_tag","embeddable":true,"href":"http:\/\/bilder.ngn.nu\/index.php\/wp-json\/wp\/v2\/tags?post=475"}],"curies":[{"name":"wp","href":"https:\/\/api.w.org\/{rel}","templated":true}]}}