{"id":479,"date":"2009-04-16T22:19:44","date_gmt":"2009-04-16T20:19:44","guid":{"rendered":"http:\/\/bilder.ngn.nu\/?p=479"},"modified":"2009-04-17T00:21:52","modified_gmt":"2009-04-16T22:21:52","slug":"faglar-8","status":"publish","type":"post","link":"http:\/\/bilder.ngn.nu\/index.php\/2009\/04\/16\/faglar-8\/","title":{"rendered":"F\u00e5glar"},"content":{"rendered":"<table style=\"width: 800px;\" border=\"0\">\n<tbody>\n<tr>\n<td>\n<div id=\"ngn_bild_rubrik\"><strong>Bofink<em> <\/em><\/strong><em>(Fringilla coelebs)<a name=\"Bofink\"><\/a><\/em><\/div>\n<\/td>\n<\/tr>\n<tr>\n<td>\n<div id=\"ngn_bild_text_above\">S\u00e5g en liten f\u00e5gel som satt i grenverket och pysslade med n\u00e5got.<br \/>\nDen k\u00e4kar p\u00e5 tr\u00e4dets blomma, eller vad det nu \u00e4r?\n<\/div>\n<\/td>\n<\/tr>\n<tr>\n<td><img loading=\"lazy\" title=\"Bofink (Fringilla coelebs)\" src=\"http:\/\/ngn.nu\/Bilder4\/090416_DSC06048_Bofink_Kompr70_w800.JPG\" alt=\"[Bild: Bofink (Fringilla coelebs)]\" width=\"800\" height=\"572\" \/><\/td>\n<\/tr>\n<tr>\n<td>\n<div id=\"EXIF\"><small><em>090416 Klockan: 09:06 Br\u00e4nnvidd: 300.0 mm [450 mm] ISO: 125 Slutare: 1\/500 Bl\u00e4ndare: F5.6<br \/>\nKamera: SONY DSLR-A100 Objektiv: 75-300 [35mm: 112,5-450]<\/em><\/small><\/div>\n<\/td>\n<\/tr>\n<tr>\n<td>\n<div id=\"ngn_bild_text\">\n<\/div>\n<\/td>\n<\/tr>\n<tr>\n<td>\n<div id=\"ngn_bild_rubrik\"><strong>Bl\u00e5 k\u00e4rrh\u00f6k<\/strong> (<em>Circus cyaneus<\/em>), hane<em><a name=\"BlueKarrhoek\"><\/a><\/em><\/div>\n<\/td>\n<\/tr>\n<tr>\n<td>\n<div id=\"ngn_bild_text_above\">En av de mer upphetsande bilder jag varit med om att ta.<br \/>\nJag s\u00e5g att det var en f\u00e5gel jag inte sett f\u00f6rut.<br \/>\nOch jag blev mycket positivt \u00f6verraskad n\u00e4r jag kom hem och f\u00f6rstod att det t.o.m. gick att se vad det var, p\u00e5 bilden.<br \/>\nTrots avst\u00e5nd och chansning.<br \/>\nN\u00e4r jag h\u00f6ll p\u00e5 med att f\u00f6rs\u00f6ka f\u00e5 b\u00e4ttre vinkel p\u00e5 Bofinken, h\u00e4r ovan, s\u00e5 s\u00e5g jag n\u00e5got i \u00f6gonvr\u00e5n. Kameran var inst\u00e4lld p\u00e5 flerbildstagning (3 bilder \/ sek) s\u00e5 jag riktade kameran \u00e5t f\u00e5gelns h\u00e5ll och s\u00e5 h\u00f6ll jag ned &#8217;avtryckaren&#8217;.\n<\/div>\n<\/td>\n<\/tr>\n<tr>\n<td><img loading=\"lazy\" title=\"Bl\u00e5 k\u00e4rrh\u00f6k (Circus cyaneus), hane\" src=\"http:\/\/ngn.nu\/Bilder4\/090416_DSC06053_Bla-Kaerrhoek_hane_Kompr70_w500.JPG\" alt=\"[Bild: Bl\u00e5 k\u00e4rrh\u00f6k (Circus cyaneus), hane]\" width=\"500\" height=\"353\" \/><\/td>\n<\/tr>\n<tr>\n<td>\n<div id=\"EXIF\"><small><em>090416 Klockan: 09:08 Br\u00e4nnvidd: 300.0 mm [450 mm] ISO: 200 Slutare: 1\/500 Bl\u00e4ndare: F6.3<br \/>\nKamera: SONY DSLR-A100 Objektiv: 75-300 [35mm: 112,5-450]<\/em><\/small><\/div>\n<\/td>\n<\/tr>\n<tr>\n<td>\n<div id=\"ngn_bild_text\">\n<\/div>\n<\/td>\n<\/tr>\n<\/tbody>\n<\/table>\n","protected":false},"excerpt":{"rendered":"<p>Bofink (Fringilla coelebs) S\u00e5g en liten f\u00e5gel som satt i grenverket och pysslade med n\u00e5got. Den k\u00e4kar p\u00e5 tr\u00e4dets blomma, eller vad det nu \u00e4r? 090416 Klockan: 09:06 Br\u00e4nnvidd: 300.0 mm [450 mm] ISO: 125 Slutare: 1\/500 Bl\u00e4ndare: F5.6 Kamera: SONY DSLR-A100 Objektiv: 75-300 [35mm: 112,5-450] Bl\u00e5 k\u00e4rrh\u00f6k (Circus cyaneus), hane En av de mer [&hellip;]<\/p>\n","protected":false},"author":1,"featured_media":0,"comment_status":"open","ping_status":"open","sticky":false,"template":"","format":"standard","meta":[],"categories":[509,359],"tags":[69],"_links":{"self":[{"href":"http:\/\/bilder.ngn.nu\/index.php\/wp-json\/wp\/v2\/posts\/479"}],"collection":[{"href":"http:\/\/bilder.ngn.nu\/index.php\/wp-json\/wp\/v2\/posts"}],"about":[{"href":"http:\/\/bilder.ngn.nu\/index.php\/wp-json\/wp\/v2\/types\/post"}],"author":[{"embeddable":true,"href":"http:\/\/bilder.ngn.nu\/index.php\/wp-json\/wp\/v2\/users\/1"}],"replies":[{"embeddable":true,"href":"http:\/\/bilder.ngn.nu\/index.php\/wp-json\/wp\/v2\/comments?post=479"}],"version-history":[{"count":0,"href":"http:\/\/bilder.ngn.nu\/index.php\/wp-json\/wp\/v2\/posts\/479\/revisions"}],"wp:attachment":[{"href":"http:\/\/bilder.ngn.nu\/index.php\/wp-json\/wp\/v2\/media?parent=479"}],"wp:term":[{"taxonomy":"category","embeddable":true,"href":"http:\/\/bilder.ngn.nu\/index.php\/wp-json\/wp\/v2\/categories?post=479"},{"taxonomy":"post_tag","embeddable":true,"href":"http:\/\/bilder.ngn.nu\/index.php\/wp-json\/wp\/v2\/tags?post=479"}],"curies":[{"name":"wp","href":"https:\/\/api.w.org\/{rel}","templated":true}]}}