{"id":553,"date":"2009-05-25T21:24:56","date_gmt":"2009-05-25T19:24:56","guid":{"rendered":"http:\/\/bilder.ngn.nu\/?p=553"},"modified":"2009-05-25T21:24:56","modified_gmt":"2009-05-25T19:24:56","slug":"fjaril-24","status":"publish","type":"post","link":"http:\/\/bilder.ngn.nu\/index.php\/2009\/05\/25\/fjaril-24\/","title":{"rendered":"Fj\u00e4ril"},"content":{"rendered":"<table style=\"width: 800px;\" border=\"0\">\n<tbody>\n<tr>\n<td>\n<div id=\"ngn_bild_rubrik\"><strong>Tistelfj\u00e4ril<\/strong> (<em>Cynthia cardui<\/em>)<\/div>\n<\/td>\n<\/tr>\n<tr>\n<td>\n<div id=\"ngn_bild_text_above\">Enligt min bok en av v\u00e4rldens mest framg\u00e5ngsrika (vanliga). Jag har d\u00e5 aldrig f\u00f6rr sett n\u00e5gon.<br \/>\nStorlek: 52-59mm<\/div>\n<\/td>\n<\/tr>\n<tr>\n<td><img loading=\"lazy\" title=\"Tistelfj\u00e4ril (Cynthia cardui)\" src=\"http:\/\/ngn.nu\/Bilder4\/090525_DSC08856_Fjaeril_Kompr90_w800.JPG\" alt=\"[Bild: Tistelfj\u00e4ril (Cynthia cardui)]\" width=\"800\" height=\"605\" \/><\/td>\n<\/tr>\n<tr>\n<td>\n<div id=\"EXIF\"><small><em>090525 Klockan: 09:19 Br\u00e4nnvidd: 500.0 mm [750 mm] ISO: 100 Slutare: 1\/500 Bl\u00e4ndare: F7.1<br \/>\nKamera: SONY DSLR-A100 Objektiv:\u00a0Sigma 150-500 [35mm: 225-750]<\/em><\/small><\/div>\n<\/td>\n<\/tr>\n<tr>\n<td>\n<div id=\"ngn_bild_text\">\n<\/div>\n<\/td>\n<\/tr>\n<tr>\n<td>\n<div id=\"ngn_bild_rubrik\"><strong>Tistelfj\u00e4ril<\/strong> (<em>Cynthia cardui<\/em>)<\/div>\n<\/td>\n<\/tr>\n<tr>\n<td>\n<div id=\"ngn_bild_text_above\">En r\u00e4tt s\u00e5 fr\u00e4ck frontbild.\n<\/div>\n<\/td>\n<\/tr>\n<tr>\n<td><img loading=\"lazy\" title=\"Tistelfj\u00e4ril (Cynthia cardui)\" src=\"http:\/\/ngn.nu\/Bilder4\/090525_DSC08850_Fjaeril_Kompr80_w800.JPG\" alt=\"[Bild: Tistelfj\u00e4ril (Cynthia cardui)]\" width=\"800\" height=\"314\" \/><\/td>\n<\/tr>\n<tr>\n<td>\n<div id=\"EXIF\"><small><em>090525 Klockan: 09:18 Br\u00e4nnvidd: 500.0 mm [750 mm] ISO: 100 Slutare: 1\/500 Bl\u00e4ndare: F6.3<br \/>\nKamera: SONY DSLR-A100 Objektiv:\u00a0Sigma 150-500 [35mm: 225-750]<\/em><\/small><\/div>\n<\/td>\n<\/tr>\n<tr>\n<td>\n<div id=\"ngn_bild_text\">\n<\/div>\n<\/td>\n<\/tr>\n<\/tbody>\n<\/table>\n","protected":false},"excerpt":{"rendered":"<p>Tistelfj\u00e4ril (Cynthia cardui) Enligt min bok en av v\u00e4rldens mest framg\u00e5ngsrika (vanliga). Jag har d\u00e5 aldrig f\u00f6rr sett n\u00e5gon. Storlek: 52-59mm 090525 Klockan: 09:19 Br\u00e4nnvidd: 500.0 mm [750 mm] ISO: 100 Slutare: 1\/500 Bl\u00e4ndare: F7.1 Kamera: SONY DSLR-A100 Objektiv:\u00a0Sigma 150-500 [35mm: 225-750] Tistelfj\u00e4ril (Cynthia cardui) En r\u00e4tt s\u00e5 fr\u00e4ck frontbild. 090525 Klockan: 09:18 Br\u00e4nnvidd: 500.0 [&hellip;]<\/p>\n","protected":false},"author":1,"featured_media":0,"comment_status":"open","ping_status":"open","sticky":false,"template":"","format":"standard","meta":[],"categories":[547],"tags":[69],"_links":{"self":[{"href":"http:\/\/bilder.ngn.nu\/index.php\/wp-json\/wp\/v2\/posts\/553"}],"collection":[{"href":"http:\/\/bilder.ngn.nu\/index.php\/wp-json\/wp\/v2\/posts"}],"about":[{"href":"http:\/\/bilder.ngn.nu\/index.php\/wp-json\/wp\/v2\/types\/post"}],"author":[{"embeddable":true,"href":"http:\/\/bilder.ngn.nu\/index.php\/wp-json\/wp\/v2\/users\/1"}],"replies":[{"embeddable":true,"href":"http:\/\/bilder.ngn.nu\/index.php\/wp-json\/wp\/v2\/comments?post=553"}],"version-history":[{"count":0,"href":"http:\/\/bilder.ngn.nu\/index.php\/wp-json\/wp\/v2\/posts\/553\/revisions"}],"wp:attachment":[{"href":"http:\/\/bilder.ngn.nu\/index.php\/wp-json\/wp\/v2\/media?parent=553"}],"wp:term":[{"taxonomy":"category","embeddable":true,"href":"http:\/\/bilder.ngn.nu\/index.php\/wp-json\/wp\/v2\/categories?post=553"},{"taxonomy":"post_tag","embeddable":true,"href":"http:\/\/bilder.ngn.nu\/index.php\/wp-json\/wp\/v2\/tags?post=553"}],"curies":[{"name":"wp","href":"https:\/\/api.w.org\/{rel}","templated":true}]}}