{"id":615,"date":"2009-06-15T23:15:01","date_gmt":"2009-06-15T21:15:01","guid":{"rendered":"http:\/\/bilder.ngn.nu\/?p=615"},"modified":"2009-06-15T23:15:01","modified_gmt":"2009-06-15T21:15:01","slug":"radjur-4","status":"publish","type":"post","link":"http:\/\/bilder.ngn.nu\/index.php\/2009\/06\/15\/radjur-4\/","title":{"rendered":"R\u00e5djur"},"content":{"rendered":"<table style=\"width: 800px;\" border=\"0\">\n<tbody>\n<tr>\n<td>\n<div id=\"ngn_bild_rubrik\"><strong>R\u00e5djur<\/strong> (<em>Capreolus capreolus<\/em>), bock<\/div>\n<\/td>\n<\/tr>\n<tr>\n<td>\n<div id=\"ngn_bild_text_above\">N\u00e4r jag h\u00e5ller p\u00e5 att st\u00e4lla mig i position, f\u00f6r att ta bilder p\u00e5 en huggormshona, s\u00e5 \u00e4r det n\u00e5got som tilldrar sig min uppm\u00e4rksamhet, lite l\u00e4ngre bort. Jag ser att ett r\u00e5djur springer \u00f6ver grusv\u00e4gen. Jag noterar ocks\u00e5 att det \u00e4r p\u00e5 v\u00e4g \u00e5t mitt h\u00e5ll, utmed kanalstigen.<\/p>\n<p>S\u00e5 jag f\u00f6rbereder kameran och n\u00e4r r\u00e5djuret dyker upp s\u00e5 h\u00e5ller jag in avtryckaren.<\/p><\/div>\n<\/td>\n<\/tr>\n<tr>\n<td align=\"center\"><img loading=\"lazy\" title=\"R\u00e5djur (Capreolus capreolus), bock\" src=\"http:\/\/ngn.nu\/Bilder4\/090615_DSC09980_Radjur_Kompr90_w800.JPG\" alt=\"[Bild: R\u00e5djur (Capreolus capreolus), bock]\" width=\"800\" height=\"620\" \/><\/td>\n<\/tr>\n<tr>\n<td>\n<div id=\"EXIF\"><small><em>090615 Klockan: 08:41 Br\u00e4nnvidd: 500.0 mm [750 mm] ISO: 400 Slutare: 1\/500 Bl\u00e4ndare: F6.3<br \/>\nKamera: SONY DSLR-A100 Objektiv:\u00a0Sigma150-500 [35mm: 225-750]<br \/>\n<\/em><\/small><\/div>\n<\/td>\n<\/tr>\n<tr>\n<td>\n<div id=\"ngn_bild_text\"><\/div>\n<\/td>\n<\/tr>\n<\/tbody>\n<\/table>\n","protected":false},"excerpt":{"rendered":"<p>R\u00e5djur (Capreolus capreolus), bock N\u00e4r jag h\u00e5ller p\u00e5 att st\u00e4lla mig i position, f\u00f6r att ta bilder p\u00e5 en huggormshona, s\u00e5 \u00e4r det n\u00e5got som tilldrar sig min uppm\u00e4rksamhet, lite l\u00e4ngre bort. Jag ser att ett r\u00e5djur springer \u00f6ver grusv\u00e4gen. Jag noterar ocks\u00e5 att det \u00e4r p\u00e5 v\u00e4g \u00e5t mitt h\u00e5ll, utmed kanalstigen. S\u00e5 jag [&hellip;]<\/p>\n","protected":false},"author":1,"featured_media":0,"comment_status":"open","ping_status":"open","sticky":false,"template":"","format":"standard","meta":[],"categories":[491],"tags":[69],"_links":{"self":[{"href":"http:\/\/bilder.ngn.nu\/index.php\/wp-json\/wp\/v2\/posts\/615"}],"collection":[{"href":"http:\/\/bilder.ngn.nu\/index.php\/wp-json\/wp\/v2\/posts"}],"about":[{"href":"http:\/\/bilder.ngn.nu\/index.php\/wp-json\/wp\/v2\/types\/post"}],"author":[{"embeddable":true,"href":"http:\/\/bilder.ngn.nu\/index.php\/wp-json\/wp\/v2\/users\/1"}],"replies":[{"embeddable":true,"href":"http:\/\/bilder.ngn.nu\/index.php\/wp-json\/wp\/v2\/comments?post=615"}],"version-history":[{"count":0,"href":"http:\/\/bilder.ngn.nu\/index.php\/wp-json\/wp\/v2\/posts\/615\/revisions"}],"wp:attachment":[{"href":"http:\/\/bilder.ngn.nu\/index.php\/wp-json\/wp\/v2\/media?parent=615"}],"wp:term":[{"taxonomy":"category","embeddable":true,"href":"http:\/\/bilder.ngn.nu\/index.php\/wp-json\/wp\/v2\/categories?post=615"},{"taxonomy":"post_tag","embeddable":true,"href":"http:\/\/bilder.ngn.nu\/index.php\/wp-json\/wp\/v2\/tags?post=615"}],"curies":[{"name":"wp","href":"https:\/\/api.w.org\/{rel}","templated":true}]}}