{"id":670,"date":"2009-09-01T21:42:15","date_gmt":"2009-09-01T19:42:15","guid":{"rendered":"http:\/\/bilder.ngn.nu\/?p=670"},"modified":"2009-09-01T21:42:15","modified_gmt":"2009-09-01T19:42:15","slug":"trollslanda-7","status":"publish","type":"post","link":"http:\/\/bilder.ngn.nu\/index.php\/2009\/09\/01\/trollslanda-7\/","title":{"rendered":"Trollsl\u00e4nda"},"content":{"rendered":"<table style=\"width: 800px;\" border=\"0\">\n<tbody>\n<tr>\n<td>\n<div id=\"ngn_bild_rubrik\"><strong>\u00c4ngstrollsl\u00e4nda<\/strong> (<em>Sympetrum vulgatum<\/em>)<a name=\"Trollslaenda\"><\/a><\/div>\n<\/td>\n<\/tr>\n<tr>\n<td>\n<div id=\"ngn_bild_text\">Jag vet inte vad det \u00e4r? Men f\u00f6rst satt den sig med ryggen \u00e5t mig och sedan v\u00e4nde den sig om liksom f\u00f6r att kika p\u00e5 mig. N\u00e4r jag var f\u00e4rdig med kameran och gick vidare s\u00e5 f\u00f6ljde den efter och satte sig, bredvid mig och s\u00e5 precis ut som om den studerade mig &#8211; ing\u00e5ende.<\/div>\n<\/td>\n<\/tr>\n<tr>\n<td>\n<div id=\"ngn_bild_text_above\">Det kan kanske bero p\u00e5 att den var mer skyddad med mig \u00e4n uppe i luften med kanske ett 50-tal jagande ladusvalor &#8211; kanske?<\/div>\n<\/td>\n<\/tr>\n<tr>\n<td align=\"center\"><img loading=\"lazy\" title=\"\u00c4ngstrollsl\u00e4nda (Sympetrum vulgatum)\" src=\"http:\/\/ngn.nu\/Bilder5\/090901-DSC01193-Trollslaenda-Kompr90-w800.JPG\" alt=\"[Bild: \u00c4ngstrollsl\u00e4nda (Sympetrum vulgatum)]\" width=\"800\" height=\"557\" \/><\/td>\n<\/tr>\n<tr>\n<td>\n<div id=\"EXIF\"><small><em>090901 Klockan: 10:27 Br\u00e4nnvidd: 300 [450] ISO: 200 Slutare: 1\/500 Bl\u00e4ndare: F5.6<br \/>\nKamera: SONY DSLR-A100 Objektiv: Sony 75-300 [35mm: 112,5-450] F4.5-5.6<\/em><\/small>\n<\/div>\n<\/td>\n<\/tr>\n<tr>\n<td>\n<div id=\"ngn_bild_text\">\n<\/div>\n<\/td>\n<\/tr>\n<\/tbody>\n<\/table>\n","protected":false},"excerpt":{"rendered":"<p>\u00c4ngstrollsl\u00e4nda (Sympetrum vulgatum) Jag vet inte vad det \u00e4r? Men f\u00f6rst satt den sig med ryggen \u00e5t mig och sedan v\u00e4nde den sig om liksom f\u00f6r att kika p\u00e5 mig. N\u00e4r jag var f\u00e4rdig med kameran och gick vidare s\u00e5 f\u00f6ljde den efter och satte sig, bredvid mig och s\u00e5 precis ut som om den [&hellip;]<\/p>\n","protected":false},"author":1,"featured_media":0,"comment_status":"open","ping_status":"open","sticky":false,"template":"","format":"standard","meta":[],"categories":[351],"tags":[69],"_links":{"self":[{"href":"http:\/\/bilder.ngn.nu\/index.php\/wp-json\/wp\/v2\/posts\/670"}],"collection":[{"href":"http:\/\/bilder.ngn.nu\/index.php\/wp-json\/wp\/v2\/posts"}],"about":[{"href":"http:\/\/bilder.ngn.nu\/index.php\/wp-json\/wp\/v2\/types\/post"}],"author":[{"embeddable":true,"href":"http:\/\/bilder.ngn.nu\/index.php\/wp-json\/wp\/v2\/users\/1"}],"replies":[{"embeddable":true,"href":"http:\/\/bilder.ngn.nu\/index.php\/wp-json\/wp\/v2\/comments?post=670"}],"version-history":[{"count":0,"href":"http:\/\/bilder.ngn.nu\/index.php\/wp-json\/wp\/v2\/posts\/670\/revisions"}],"wp:attachment":[{"href":"http:\/\/bilder.ngn.nu\/index.php\/wp-json\/wp\/v2\/media?parent=670"}],"wp:term":[{"taxonomy":"category","embeddable":true,"href":"http:\/\/bilder.ngn.nu\/index.php\/wp-json\/wp\/v2\/categories?post=670"},{"taxonomy":"post_tag","embeddable":true,"href":"http:\/\/bilder.ngn.nu\/index.php\/wp-json\/wp\/v2\/tags?post=670"}],"curies":[{"name":"wp","href":"https:\/\/api.w.org\/{rel}","templated":true}]}}