{"id":709,"date":"2009-10-07T09:44:03","date_gmt":"2009-10-07T07:44:03","guid":{"rendered":"http:\/\/bilder.ngn.nu\/?p=709"},"modified":"2010-06-21T19:24:28","modified_gmt":"2010-06-21T17:24:28","slug":"stekel-eller-fluga","status":"publish","type":"post","link":"http:\/\/bilder.ngn.nu\/index.php\/2009\/10\/07\/stekel-eller-fluga\/","title":{"rendered":"Stekel eller Fluga"},"content":{"rendered":"<table style=\"width: 800px;\" border=\"0\">\n<tbody>\n<tr>\n<td>\n<div id=\"ngn_bild_rubrik\"><span style=\"font-weight: bold;\">Geting, inget Svenskt namn [en; Oriental Hornet]<\/span> (<em>Vespa orientalis<\/em>)<span style=\"text-decoration: line-through;\"><strong>Fluga eller Stekel i Turkiet<\/strong> (<span style=\"font-style: italic;\">?<\/span>)<\/span><a name=\"FlugaStekel\"><\/a><\/div>\n<\/td>\n<\/tr>\n<tr>\n<td>\n<div id=\"ngn_bild_text_above\">Visst \u00e4r den vacker! Med tanke p\u00e5 huvudformen s\u00e5 gissar jag mest p\u00e5 en Stekel. [Det \u00e4r en Geting]\n<\/div>\n<\/td>\n<\/tr>\n<tr>\n<td align=\"center\"><img style=\"width: 800px; height: 548px;\" title=\"Fluga eller Stekel i Turkiet\" src=\"http:\/\/ngn.nu\/BilderT\/091007-DSC01359-Fluga-Stekel-Turkiet-Kompr90-w800.JPG\" alt=\"[Bild: Geting, inget Svenskt namn [en; Oriental Hornet] (Vespa orientalis)]\" \/><\/td>\n<\/tr>\n<tr>\n<td>\n<div id=\"EXIF\"><small><em>091007 Klockan: 09:44\u00a0Br\u00e4nnvidd: 300 [450] ISO: 125 Slutare: 1\/500 Bl\u00e4ndare: F5,6<br \/>\nKamera: SONY DSLR-A100 Objektiv: Sony 75-300 [35mm: 112,5-450] F4.5-5.6<\/em><\/small><\/div>\n<\/td>\n<\/tr>\n<tr>\n<td>\n<div id=\"ngn_bild_text\">Jag kollar arterna n\u00e4rmre n\u00e4r jag kommer hem.<\/div>\n<\/td>\n<\/tr>\n<\/tbody>\n<\/table>\n","protected":false},"excerpt":{"rendered":"<p>Geting, inget Svenskt namn [en; Oriental Hornet] (Vespa orientalis)Fluga eller Stekel i Turkiet (?) Visst \u00e4r den vacker! Med tanke p\u00e5 huvudformen s\u00e5 gissar jag mest p\u00e5 en Stekel. [Det \u00e4r en Geting] 091007 Klockan: 09:44\u00a0Br\u00e4nnvidd: 300 [450] ISO: 125 Slutare: 1\/500 Bl\u00e4ndare: F5,6 Kamera: SONY DSLR-A100 Objektiv: Sony 75-300 [35mm: 112,5-450] F4.5-5.6 Jag kollar [&hellip;]<\/p>\n","protected":false},"author":1,"featured_media":0,"comment_status":"open","ping_status":"closed","sticky":false,"template":"","format":"standard","meta":[],"categories":[705],"tags":[636,655,637],"_links":{"self":[{"href":"http:\/\/bilder.ngn.nu\/index.php\/wp-json\/wp\/v2\/posts\/709"}],"collection":[{"href":"http:\/\/bilder.ngn.nu\/index.php\/wp-json\/wp\/v2\/posts"}],"about":[{"href":"http:\/\/bilder.ngn.nu\/index.php\/wp-json\/wp\/v2\/types\/post"}],"author":[{"embeddable":true,"href":"http:\/\/bilder.ngn.nu\/index.php\/wp-json\/wp\/v2\/users\/1"}],"replies":[{"embeddable":true,"href":"http:\/\/bilder.ngn.nu\/index.php\/wp-json\/wp\/v2\/comments?post=709"}],"version-history":[{"count":0,"href":"http:\/\/bilder.ngn.nu\/index.php\/wp-json\/wp\/v2\/posts\/709\/revisions"}],"wp:attachment":[{"href":"http:\/\/bilder.ngn.nu\/index.php\/wp-json\/wp\/v2\/media?parent=709"}],"wp:term":[{"taxonomy":"category","embeddable":true,"href":"http:\/\/bilder.ngn.nu\/index.php\/wp-json\/wp\/v2\/categories?post=709"},{"taxonomy":"post_tag","embeddable":true,"href":"http:\/\/bilder.ngn.nu\/index.php\/wp-json\/wp\/v2\/tags?post=709"}],"curies":[{"name":"wp","href":"https:\/\/api.w.org\/{rel}","templated":true}]}}