{"id":722,"date":"2009-10-11T11:43:58","date_gmt":"2009-10-11T09:43:58","guid":{"rendered":"http:\/\/bilder.ngn.nu\/?p=722"},"modified":"2009-10-11T22:36:29","modified_gmt":"2009-10-11T20:36:29","slug":"mott-eller-natt","status":"publish","type":"post","link":"http:\/\/bilder.ngn.nu\/index.php\/2009\/10\/11\/mott-eller-natt\/","title":{"rendered":"Mott eller n\u00e5tt?"},"content":{"rendered":"<table style=\"width: 800px;\" border=\"0\">\n<tbody>\n<tr>\n<td>\n<div id=\"ngn_bild_rubrik\"><strong>Mott? i Turkiet<\/strong> (<span style=\"font-style: italic;\">?<\/span>)<a name=\"FlygTyg\"><\/a><\/div>\n<\/td>\n<\/tr>\n<tr>\n<td>\n<div id=\"ngn_bild_text_above\">ca storlek: 2-3mm<br \/>\nStephen: f\u00f6resl\u00e5r att det \u00e4r en <strong>Fj\u00e4rilsmygga<\/strong> (fam. <em>Psychodidae<\/em><cite>). <\/cite>Och att det skulle kunna vara <em>Psychoda  alternata<\/em>. Finns \u00e4ven i Sverige. \/Tackar!<\/div>\n<\/td>\n<\/tr>\n<tr>\n<td align=\"center\"><img style=\"width: 800px; height: 589px;\" title=\"Fj\u00e4rilsmygga (Psychoda alternata Psychodidae) i Turkiet\" src=\"http:\/\/ngn.nu\/BilderT\/091011-DSCN0094-FlygTyg-Turkiet-Kompr80-w800.JPG\" alt=\"[Bild: Fj\u00e4rilsmygga (Psychoda alternata Psychodidae) i Turkiet]\" \/><\/td>\n<\/tr>\n<tr>\n<td>\n<div id=\"EXIF\"><small><em>091011 Klockan: 11:43 <\/em><\/small><small><em>Br\u00e4nnvidd: 5 [?] ISO: 100 Slutare: 1\/200 Bl\u00e4ndare: F2,7<br \/>\n<\/em><\/small><small><em> Kamera: NIKON CoolPix S620 Objektiv: NIKKOR 5-20 [35mm: ?-?] F2,7-5.8<\/em><\/small><small><em><br \/>\n<\/em><\/small><\/div>\n<\/td>\n<\/tr>\n<tr>\n<td>\n<div id=\"ngn_bild_text\">P\u00e5 v\u00e4ggen d\u00e4r jag har min cykel.<br \/>\nJag kollar arterna n\u00e4rmre n\u00e4r jag kommer hem.<\/div>\n<\/td>\n<\/tr>\n<\/tbody>\n<\/table>\n","protected":false},"excerpt":{"rendered":"<p>Mott? i Turkiet (?) ca storlek: 2-3mm Stephen: f\u00f6resl\u00e5r att det \u00e4r en Fj\u00e4rilsmygga (fam. Psychodidae). Och att det skulle kunna vara Psychoda alternata. Finns \u00e4ven i Sverige. \/Tackar! 091011 Klockan: 11:43 Br\u00e4nnvidd: 5 [?] ISO: 100 Slutare: 1\/200 Bl\u00e4ndare: F2,7 Kamera: NIKON CoolPix S620 Objektiv: NIKKOR 5-20 [35mm: ?-?] F2,7-5.8 P\u00e5 v\u00e4ggen d\u00e4r jag [&hellip;]<\/p>\n","protected":false},"author":1,"featured_media":0,"comment_status":"open","ping_status":"closed","sticky":false,"template":"","format":"standard","meta":[],"categories":[648],"tags":[636,640,637],"_links":{"self":[{"href":"http:\/\/bilder.ngn.nu\/index.php\/wp-json\/wp\/v2\/posts\/722"}],"collection":[{"href":"http:\/\/bilder.ngn.nu\/index.php\/wp-json\/wp\/v2\/posts"}],"about":[{"href":"http:\/\/bilder.ngn.nu\/index.php\/wp-json\/wp\/v2\/types\/post"}],"author":[{"embeddable":true,"href":"http:\/\/bilder.ngn.nu\/index.php\/wp-json\/wp\/v2\/users\/1"}],"replies":[{"embeddable":true,"href":"http:\/\/bilder.ngn.nu\/index.php\/wp-json\/wp\/v2\/comments?post=722"}],"version-history":[{"count":0,"href":"http:\/\/bilder.ngn.nu\/index.php\/wp-json\/wp\/v2\/posts\/722\/revisions"}],"wp:attachment":[{"href":"http:\/\/bilder.ngn.nu\/index.php\/wp-json\/wp\/v2\/media?parent=722"}],"wp:term":[{"taxonomy":"category","embeddable":true,"href":"http:\/\/bilder.ngn.nu\/index.php\/wp-json\/wp\/v2\/categories?post=722"},{"taxonomy":"post_tag","embeddable":true,"href":"http:\/\/bilder.ngn.nu\/index.php\/wp-json\/wp\/v2\/tags?post=722"}],"curies":[{"name":"wp","href":"https:\/\/api.w.org\/{rel}","templated":true}]}}