{"id":734,"date":"2009-10-13T12:46:24","date_gmt":"2009-10-13T10:46:24","guid":{"rendered":"http:\/\/bilder.ngn.nu\/?p=734"},"modified":"2009-10-13T15:20:08","modified_gmt":"2009-10-13T13:20:08","slug":"myra-3","status":"publish","type":"post","link":"http:\/\/bilder.ngn.nu\/index.php\/2009\/10\/13\/myra-3\/","title":{"rendered":"Myra"},"content":{"rendered":"<table style=\"width: 800px;\" border=\"0\">\n<tbody>\n<tr>\n<td>\n<div id=\"ngn_bild_rubrik\"><strong>Myra\u00a0i Turkiet<\/strong> (en<span style=\"font-style: italic;\"> <\/span><span class=\"genus\"><em>Monomorium<strong> <\/strong><\/em>art<\/span>)<a name=\"Myra\"><\/a><\/div>\n<\/td>\n<\/tr>\n<tr>\n<td>\n<div id=\"ngn_bild_text_above\">Storlek ca 2 mm. Om inte mindre&#8230;\n<\/div>\n<\/td>\n<\/tr>\n<tr>\n<td align=\"center\"><img style=\"width: 800px; height: 532px;\" title=\"Myra (Monomorium) i Turkiet\" src=\"http:\/\/ngn.nu\/BilderT\/091013-DSC01560+1559-Myra-Turkiet-Kompr90-w800.JPG\" alt=\"[Bild: Myra (Monomorium)  i Turkiet]\" \/><\/td>\n<\/tr>\n<tr>\n<td>\n<div id=\"EXIF\"><small><em>Stora bilden:<br \/>\n091013 Klockan: 12:46 <\/em><\/small><small><em>Blixt: ja Br\u00e4nnvidd: <\/em><\/small><small><em>105 [157] ISO: 400 Slutare: 1\/125 Bl\u00e4ndare: F7,1<br \/>\nKamera: SONY DSLR-A100 Objektiv: Sigma 105 [35mm: 157] F2.8 makro<br \/>\nInf\u00e4llda bilden:<br \/>\n<\/em><\/small><small><em>091013 Klockan: 12:46 <\/em><\/small><small><em>Blixt: ja Br\u00e4nnvidd: <\/em><\/small><small><em>105 [157] ISO: 400 Slutare: 1\/125 Bl\u00e4ndare: F7,1<br \/>\nKamera: SONY DSLR-A100 Objektiv: Sigma 105 [35mm: 157] F2.8 makro<\/em><\/small><\/div>\n<\/td>\n<\/tr>\n<tr>\n<td>\n<div id=\"ngn_bild_text\">Jag kollar arterna n\u00e4rmre n\u00e4r jag kommer hem.\n<\/div>\n<\/td>\n<\/tr>\n<\/tbody>\n<\/table>\n","protected":false},"excerpt":{"rendered":"<p>Myra\u00a0i Turkiet (en Monomorium art) Storlek ca 2 mm. Om inte mindre&#8230; Stora bilden: 091013 Klockan: 12:46 Blixt: ja Br\u00e4nnvidd: 105 [157] ISO: 400 Slutare: 1\/125 Bl\u00e4ndare: F7,1 Kamera: SONY DSLR-A100 Objektiv: Sigma 105 [35mm: 157] F2.8 makro Inf\u00e4llda bilden: 091013 Klockan: 12:46 Blixt: ja Br\u00e4nnvidd: 105 [157] ISO: 400 Slutare: 1\/125 Bl\u00e4ndare: F7,1 Kamera: [&hellip;]<\/p>\n","protected":false},"author":1,"featured_media":0,"comment_status":"open","ping_status":"closed","sticky":false,"template":"","format":"standard","meta":[],"categories":[114,639],"tags":[636,640,637],"_links":{"self":[{"href":"http:\/\/bilder.ngn.nu\/index.php\/wp-json\/wp\/v2\/posts\/734"}],"collection":[{"href":"http:\/\/bilder.ngn.nu\/index.php\/wp-json\/wp\/v2\/posts"}],"about":[{"href":"http:\/\/bilder.ngn.nu\/index.php\/wp-json\/wp\/v2\/types\/post"}],"author":[{"embeddable":true,"href":"http:\/\/bilder.ngn.nu\/index.php\/wp-json\/wp\/v2\/users\/1"}],"replies":[{"embeddable":true,"href":"http:\/\/bilder.ngn.nu\/index.php\/wp-json\/wp\/v2\/comments?post=734"}],"version-history":[{"count":0,"href":"http:\/\/bilder.ngn.nu\/index.php\/wp-json\/wp\/v2\/posts\/734\/revisions"}],"wp:attachment":[{"href":"http:\/\/bilder.ngn.nu\/index.php\/wp-json\/wp\/v2\/media?parent=734"}],"wp:term":[{"taxonomy":"category","embeddable":true,"href":"http:\/\/bilder.ngn.nu\/index.php\/wp-json\/wp\/v2\/categories?post=734"},{"taxonomy":"post_tag","embeddable":true,"href":"http:\/\/bilder.ngn.nu\/index.php\/wp-json\/wp\/v2\/tags?post=734"}],"curies":[{"name":"wp","href":"https:\/\/api.w.org\/{rel}","templated":true}]}}